{"id":2482,"date":"2022-05-08T15:51:16","date_gmt":"2022-05-08T15:51:16","guid":{"rendered":"https:\/\/sites.rutgers.edu\/french-magazine\/?p=2482"},"modified":"2022-05-09T19:26:33","modified_gmt":"2022-05-09T19:26:33","slug":"etes-vous-pro-en-grammaire-pour-le-savoir-faites-ce-quiz","status":"publish","type":"post","link":"https:\/\/sites.rutgers.edu\/french-magazine\/etes-vous-pro-en-grammaire-pour-le-savoir-faites-ce-quiz\/","title":{"rendered":"\u00cates-vous pro en grammaire ? Pour le savoir, faites ce quiz !"},"content":{"rendered":"<p style=\"text-align: left\"><span style=\"font-weight: 400\">\u00a0 \u00a0 \u00a0 Comme tout le monde sait, l\u2019accord du participe pass\u00e9 en fran\u00e7ais est un casse-t\u00eate pour les \u00e9trangers comme pour les Fran\u00e7ais ! Il y a beaucoup de r\u00e8gles sur l\u2019accord du participe pass\u00e9, et chaque fois que l\u2019on rencontre un participe pass\u00e9, il faut se demander si on doit l\u2019accorder et \u2013 si oui \u2013 avec quoi ou avec qui !\u00a0<\/span><\/p>\n<p style=\"text-align: left\"><span style=\"font-weight: 400\">\u00a0 \u00a0 \u00a0 \u00cates-vous un.e pro de la grammaire ? Si oui, testez vos connaissances en passant le quiz ci-dessous !\u00a0<\/span><\/p>\n<p>&nbsp;<\/p>\n<p><b>Choisissez la meilleure r\u00e9ponse.<\/b><\/p>\n<p><b>1. Le chien perdu qu\u2019elle ____________ est tr\u00e8s vieux et m\u00e9chant.<\/b><\/p>\n<p>a. <span style=\"font-weight: 400\">a trouv\u00e9<\/span><\/p>\n<p>b. <span style=\"font-weight: 400\">a trouv\u00e9e<\/span><\/p>\n<p>c. <span style=\"font-weight: 400\">est trouv\u00e9e<\/span><\/p>\n<p>&nbsp;<\/p>\n<p><b>2. La candidate n\u2019a pas obtenu le nombre de signatures qu\u2019il ________________ pour se pr\u00e9senter \u00e0 l\u2019\u00e9lection pr\u00e9sidentielle.<\/b><\/p>\n<p>a. <span style=\"font-weight: 400\">aurait fallu <\/span><\/p>\n<p>b. <span style=\"font-weight: 400\">aurait fallus<\/span><\/p>\n<p>c. <span style=\"font-weight: 400\">aurait fallues <\/span><\/p>\n<p>&nbsp;<\/p>\n<p><b>3. Ce matin, elle ______________ au magasin pour acheter une nouvelle robe.<\/b><\/p>\n<p>a. <span style=\"font-weight: 400\">est all\u00e9e<\/span><\/p>\n<p>b. <span style=\"font-weight: 400\">est all\u00e9<\/span><\/p>\n<p>c. <span style=\"font-weight: 400\">Les deux options sont possibles.<\/span><\/p>\n<p>&nbsp;<\/p>\n<p><b>4. Ils ne se sont plus revus depuis qu\u2019ils ______________________.<\/b><\/p>\n<p>a. <span style=\"font-weight: 400\">se sont disput\u00e9<\/span><\/p>\n<p>b. <span style=\"font-weight: 400\">se sont disput\u00e9s<\/span><\/p>\n<p>c. <span style=\"font-weight: 400\">se sont disput\u00e9es<\/span><\/p>\n<p>&nbsp;<\/p>\n<p><strong>5. <b>As-tu vu Claire r\u00e9cemment ? Elle ___________________ les cheveux en blond ! <\/b><\/strong><\/p>\n<p>a. <span style=\"font-weight: 400\">s\u2019est teint<\/span><\/p>\n<p>b. <span style=\"font-weight: 400\">s\u2019est teinte<\/span><\/p>\n<p>c. <span style=\"font-weight: 400\">s\u2019est teints<\/span><\/p>\n<p>&nbsp;<\/p>\n<p><strong>6. <b>Nous __________________ pendant des ann\u00e9es quand nous \u00e9tions jeunes, mais maintenant nous nous parlons rarement.<\/b>\u00a0<\/strong><\/p>\n<p>a. <span style=\"font-weight: 400\">nous sommes parl\u00e9<\/span><\/p>\n<p>b. <span style=\"font-weight: 400\">nous sommes parl\u00e9s<\/span><\/p>\n<p>c. <span style=\"font-weight: 400\">nous sommes parl\u00e9es<\/span><\/p>\n<p>&nbsp;<\/p>\n<p><strong>7. <b>Elles ________________ qu\u2019elles avaient oubli\u00e9 l\u2019anniversaire de leur m\u00e8re.<\/b><\/strong><\/p>\n<p>a. <span style=\"font-weight: 400\">se sont rendu compte<\/span><\/p>\n<p>b. <span style=\"font-weight: 400\">se sont rendue compte<\/span><\/p>\n<p>c. <span style=\"font-weight: 400\">se sont rendues compte<\/span><\/p>\n<p>&nbsp;<\/p>\n<p><strong>8. <b>Le film que nous avons vu hier _________________ ! <\/b><\/strong><\/p>\n<p>a. <span style=\"font-weight: 400\">nous a faits pleurer<\/span><\/p>\n<p>b. <span style=\"font-weight: 400\">nous a faites pleurer<\/span><\/p>\n<p>c. <span style=\"font-weight: 400\">nous a fait pleurer<\/span><\/p>\n<p>&nbsp;<\/p>\n<p><strong>9. <b>Elle _________________ insulter par les \u00e9l\u00e8ves sans rien dire.<\/b><\/strong><\/p>\n<p>a. <span style=\"font-weight: 400\">s\u2019est laiss\u00e9<\/span><\/p>\n<p>b. <span style=\"font-weight: 400\">s\u2019est laiss\u00e9e<\/span><\/p>\n<p>c. <span style=\"font-weight: 400\">Les deux options sont possibles.<\/span><\/p>\n<p>&nbsp;<\/p>\n<p><b><i>Attention ! Les trois questions suivantes sont r\u00e9serv\u00e9es \u00e0 vos profs ! Posez-les-leur ! Les bonnes r\u00e9ponses se trouvent au bas de la page.<\/i><\/b><\/p>\n<p>&nbsp;<\/p>\n<p><b>10. J\u2019ai pris deux jours de cong\u00e9 la semaine derni\u00e8re. Je ____________ \u00e0 la maison et je n\u2019ai rien fait.<\/b><\/p>\n<p>a. <span style=\"font-weight: 400\">les ai pass\u00e9<\/span><\/p>\n<p>b. <span style=\"font-weight: 400\">les ai pass\u00e9s <\/span><\/p>\n<p>&nbsp;<\/p>\n<p><b><i>* Un indice que vous pouvez leur donner : passer est un verbe intransitif. <\/i><\/b><\/p>\n<p>&nbsp;<\/p>\n<p><b>11. Elle ___________________ nous asseoir \u00e0 c\u00f4t\u00e9 d\u2019elle.<\/b><\/p>\n<p><span style=\"font-weight: 400\">a. nous a laiss\u00e9<\/span><\/p>\n<p><span style=\"font-weight: 400\">b. nous a laiss\u00e9s <\/span><\/p>\n<p><span style=\"font-weight: 400\">c. Les deux options sont possibles.<\/span><\/p>\n<p>&nbsp;<\/p>\n<p><strong>12. <b>As-tu vu r\u00e9cemment les cheveux de Claire ? Elle ___________________ en blond !\u00a0<\/b><\/strong><\/p>\n<p><span style=\"font-weight: 400\">a. se les est teint<\/span><\/p>\n<p>b. <span style=\"font-weight: 400\">se les est teints<\/span><\/p>\n<p><span style=\"font-weight: 400\">c. se les est teintes<\/span><\/p>\n<p>&nbsp;<\/p>\n<p><span style=\"text-decoration: underline\"><b>\u00a0<\/b><b>Pour v\u00e9rifier vos r\u00e9ponses, r\u00e9visez les r\u00e8gles suivantes :<\/b><\/span><\/p>\n<p><span style=\"font-weight: 400\">1. Le participe pass\u00e9 d\u2019un verbe qui se conjugue avec l\u2019auxiliaire avoir s\u2019accorde en genre et en nombre avec le compl\u00e9ment d\u2019objet direct seulement si le compl\u00e9ment d\u2019objet direct se trouve <\/span><b>avant<\/b><span style=\"font-weight: 400\"> le participe pass\u00e9.<\/span><\/p>\n<p>&nbsp;<\/p>\n<p style=\"text-align: center\"><em>R\u00e9ponse n<sup>o<\/sup> 1 : <\/em><i><span style=\"font-weight: 400\">Le chien qu\u2019elle a trouv<\/span><\/i><b><i>\u00e9<\/i><\/b><i><span style=\"font-weight: 400\"> est tr\u00e8s vieux et m\u00e9chant.\u00a0<\/span><\/i><\/p>\n<p style=\"text-align: center\"><i><span style=\"font-weight: 400\">(Le chien est masculin.)<\/span><\/i><\/p>\n<p>&nbsp;<\/p>\n<p><span style=\"font-weight: 400\">2. Le participe pass\u00e9 des verbes impersonnels comme <\/span><i><span style=\"font-weight: 400\">falloir <\/span><\/i><span style=\"font-weight: 400\">ne s\u2019accorde pas avec le compl\u00e9ment d\u2019objet direct.<\/span><\/p>\n<p>&nbsp;<\/p>\n<p style=\"text-align: center\"><em>R\u00e9ponse n<sup>o<\/sup> 2 : <i><span style=\"font-weight: 400\">La candidate n\u2019a pas obtenu le nombre de signatures qu\u2019il aurait fall<\/span><\/i><b><i>u<\/i><\/b><i><span style=\"font-weight: 400\"> pour se pr\u00e9senter \u00e0 l\u2019\u00e9lection pr\u00e9sidentielle.<\/span><\/i><\/em><\/p>\n<p>&nbsp;<\/p>\n<p><span style=\"font-weight: 400\">3. Pour les verbes qui se conjuguent avec l\u2019auxiliaire <\/span><i><span style=\"font-weight: 400\">\u00eatre<\/span><\/i><span style=\"font-weight: 400\">, c\u2019est plus facile : il faut accorder le participe pass\u00e9 en genre et en nombre avec <\/span><b>le sujet<\/b><span style=\"font-weight: 400\"> de la phrase.<\/span><\/p>\n<p>&nbsp;<\/p>\n<p style=\"text-align: center\"><em>R\u00e9ponse n<sup>o<\/sup> 3 : <i><span style=\"font-weight: 400\">Ce matin, elle est all<\/span><\/i><b><i>\u00e9e<\/i><\/b><i><span style=\"font-weight: 400\"> au magasin pour acheter une nouvelle robe.<\/span><\/i><\/em><\/p>\n<p>&nbsp;<\/p>\n<p><span style=\"font-weight: 400\">4. \u00c0 propos des verbes pronominaux, le pronom r\u00e9fl\u00e9chi est parfois un compl\u00e9ment d\u2019objet direct, parfois indirect. Dans ce cas, le participe pass\u00e9 s\u2019accorde en genre et en nombre avec le sujet (qui, du coup, est aussi l\u2019objet !).<\/span><\/p>\n<p>&nbsp;<\/p>\n<p style=\"text-align: center\"><em>R\u00e9ponse n<sup>o<\/sup> 4 : <i><span style=\"font-weight: 400\">\u00a0Ils ne se sont plus revus depuis qu\u2019ils se sont disput<\/span><\/i><b><i>\u00e9s<\/i><\/b><i><span style=\"font-weight: 400\">. <\/span><\/i><\/em><\/p>\n<p>&nbsp;<\/p>\n<p>5. <span style=\"font-weight: 400\">Dans d\u2019autres cas, quand il y a un objet qui est le vrai compl\u00e9ment d\u2019objet direct et qu\u2019il se trouve <\/span><b>devant<\/b><span style=\"font-weight: 400\"> le participe pass\u00e9, le participe pass\u00e9 s\u2019accorde avec le compl\u00e9ment d\u2019objet direct qui n\u2019est pas le pronom r\u00e9fl\u00e9chi \u2013 le pronom r\u00e9fl\u00e9chi devenant indirect !<\/span><\/p>\n<p>&nbsp;<\/p>\n<p style=\"text-align: center\"><em>R\u00e9ponse n<sup>o<\/sup> 5 : <\/em><i><span style=\"font-weight: 400\">As-tu vu Claire r\u00e9cemment ? Elle s\u2019est tein<\/span><\/i><b><i>t<\/i><\/b><i><span style=\"font-weight: 400\"> les cheveux en blond !\u00a0<\/span><\/i><\/p>\n<p style=\"text-align: center\"><i><span style=\"font-weight: 400\">(Les cheveux \u00e9tant le compl\u00e9ment d\u2019objet direct.)<\/span><\/i><\/p>\n<p>&nbsp;<\/p>\n<p>6. <span style=\"font-weight: 400\">S\u2019il n\u2019y a pas de compl\u00e9ment d\u2019objet direct devant le participe pass\u00e9 et si le pronom r\u00e9fl\u00e9chi est compl\u00e9ment d\u2019objet indirect, il n\u2019y a pas d\u2019accord du tout.<\/span><\/p>\n<p>&nbsp;<\/p>\n<p style=\"text-align: center\"><em>R\u00e9ponse n<sup>o<\/sup> 6 : <i><span style=\"font-weight: 400\">Nous nous sommes parl<\/span><\/i><b><i>\u00e9<\/i><\/b><i><span style=\"font-weight: 400\"> chaque jour quand nous \u00e9tions jeunes, mais maintenant nous nous parlons rarement. <\/span><\/i><\/em><\/p>\n<p>&nbsp;<\/p>\n<p><span style=\"text-decoration: underline\"><b>En plus de ces r\u00e8gles, il existe des cas particuliers :<\/b><\/span><\/p>\n<p><span style=\"font-weight: 400\">7. Pour le verbe <\/span><i><span style=\"font-weight: 400\">se rendre compte<\/span><\/i><span style=\"font-weight: 400\">, <\/span><i><span style=\"font-weight: 400\">compte <\/span><\/i><span style=\"font-weight: 400\">est toujours l\u2019objet direct. Par cons\u00e9quent, son participe pass\u00e9 ne change jamais.<\/span><\/p>\n<p>&nbsp;<\/p>\n<p style=\"text-align: center\"><em>R\u00e9ponse n<sup>o<\/sup> 7 : <i><span style=\"font-weight: 400\">Elles se sont rend<\/span><\/i><b><i>u<\/i><\/b><i><span style=\"font-weight: 400\"> compte qu\u2019elles avaient oubli\u00e9 l\u2019anniversaire de leur m\u00e8re.<\/span><\/i><\/em><\/p>\n<p>&nbsp;<\/p>\n<p>8. <span style=\"font-weight: 400\">Les participes pass\u00e9s de <\/span><i><span style=\"font-weight: 400\">faire <\/span><\/i><span style=\"font-weight: 400\">et de <\/span><i><span style=\"font-weight: 400\">laisser <\/span><\/i><span style=\"font-weight: 400\">ne s\u2019accordent pas avec le compl\u00e9ment d\u2019objet direct lorsqu\u2019ils sont suivis d\u2019un infinitif.<\/span><\/p>\n<p>&nbsp;<\/p>\n<p style=\"text-align: center\"><em>R\u00e9ponse n<sup>o<\/sup> 8 :<i><span style=\"font-weight: 400\">\u00a0Le film que nous avons vu hier nous a fai<\/span><\/i><b><i>t<\/i><\/b><i><span style=\"font-weight: 400\"> pleurer !<\/span><\/i><\/em><\/p>\n<p>&nbsp;<\/p>\n<p style=\"text-align: center\"><em>R\u00e9ponse n<sup>o<\/sup> 9 : <i><span style=\"font-weight: 400\">Elle s\u2019est laiss<\/span><\/i><b><i>\u00e9<\/i><\/b><i><span style=\"font-weight: 400\"> insulter par les enfants sans rien dire.<\/span><\/i><\/em><\/p>\n<p>&nbsp;<\/p>\n<p><span style=\"text-decoration: underline\"><b>Pour v\u00e9rifier les r\u00e9ponses de vos profs, lisez les explications suivantes :<\/b><\/span><\/p>\n<ul>\n<li><span style=\"font-weight: 400\">Puisque <\/span><i><span style=\"font-weight: 400\">passer <\/span><\/i><span style=\"font-weight: 400\">est un verbe intransitif, il n\u2019y a pas de compl\u00e9ment d\u2019objet direct avec lequel <\/span><i><span style=\"font-weight: 400\">passer <\/span><\/i><span style=\"font-weight: 400\">peut s\u2019accorder. <\/span><\/li>\n<\/ul>\n<p>&nbsp;<\/p>\n<p style=\"text-align: center\"><em>R\u00e9ponse n<sup>o<\/sup> 10 : <\/em><i><span style=\"font-weight: 400\">J\u2019ai pris deux jours de cong\u00e9 la semaine derni\u00e8re. Je les ai pass<\/span><\/i><b><i>\u00e9<\/i><\/b><i><span style=\"font-weight: 400\"> \u00e0 la maison et je n\u2019ai rien fait.<\/span><\/i><\/p>\n<p>&nbsp;<\/p>\n<ul>\n<li><span style=\"font-weight: 400\">Comme il y a deux sujets (<\/span><i><span style=\"font-weight: 400\">elle<\/span><\/i><span style=\"font-weight: 400\"> et <\/span><i><span style=\"font-weight: 400\">nous<\/span><\/i><span style=\"font-weight: 400\">), le participe pass\u00e9 de <\/span><i><span style=\"font-weight: 400\">laisser <\/span><\/i><span style=\"font-weight: 400\">s\u2019accorde en genre et en nombre avec <\/span><i><span style=\"font-weight: 400\">nous.<\/span><\/i><\/li>\n<\/ul>\n<p>&nbsp;<\/p>\n<p style=\"text-align: center\"><em>R\u00e9ponse n<sup>o<\/sup> 11 : <i><span style=\"font-weight: 400\">Elle nous a laiss<strong>\u00e9s<\/strong> nous asseoir \u00e0 c\u00f4t\u00e9 d\u2019elle.<\/span><\/i><\/em><\/p>\n<p>&nbsp;<\/p>\n<ul>\n<li><span style=\"font-weight: 400\">Puisque le pronom r\u00e9fl\u00e9chi est indirect et que le vrai compl\u00e9ment d\u2019objet direct \u2013 <em>les cheveux<\/em> \u2013 se trouve avant le participe pass\u00e9, le participe pass\u00e9 s\u2019accorde avec ce compl\u00e9ment d\u2019objet direct.<\/span><\/li>\n<\/ul>\n<p>&nbsp;<\/p>\n<p style=\"text-align: center\"><em>R\u00e9ponse n<sup>o<\/sup> 12 : <\/em><i><span style=\"font-weight: 400\">As-tu vu r\u00e9cemment les cheveux de Claire ? Elle se les est teint<\/span><\/i><b><i>s<\/i><\/b><i><span style=\"font-weight: 400\"> en blond !\u00a0\u00a0<\/span><\/i><\/p>\n<p>&nbsp;<\/p>\n<p>&nbsp;<\/p>\n<p>&nbsp;<\/p>\n<p>&nbsp;<\/p>\n<p>&nbsp;<\/p>\n","protected":false},"excerpt":{"rendered":"<p>\u00a0 \u00a0 \u00a0 Comme tout le monde sait, l\u2019accord du participe pass\u00e9 en fran\u00e7ais est un casse-t\u00eate pour les \u00e9trangers comme pour les Fran\u00e7ais ! Il y a beaucoup de &hellip; <a href=\"https:\/\/sites.rutgers.edu\/french-magazine\/etes-vous-pro-en-grammaire-pour-le-savoir-faites-ce-quiz\/\" class=\"\">Read More<\/a><\/p>\n","protected":false},"author":2061,"featured_media":0,"comment_status":"closed","ping_status":"closed","sticky":false,"template":"","format":"standard","meta":{"_acf_changed":false,"footnotes":""},"categories":[170],"tags":[207,195,206],"class_list":["post-2482","post","type-post","status-publish","format-standard","hentry","category-quizzes-francais","tag-jeu","tag-languefrancaise","tag-syntaxe"],"acf":[],"yoast_head":"<!-- This site is optimized with the Yoast SEO plugin v23.5 - https:\/\/yoast.com\/wordpress\/plugins\/seo\/ -->\n<title>\u00cates-vous pro en grammaire ? Pour le savoir, faites ce quiz ! - La P&#039;tite Gazette<\/title>\n<meta name=\"robots\" content=\"index, follow, max-snippet:-1, max-image-preview:large, max-video-preview:-1\" \/>\n<link rel=\"canonical\" href=\"https:\/\/sites.rutgers.edu\/french-magazine\/etes-vous-pro-en-grammaire-pour-le-savoir-faites-ce-quiz\/\" \/>\n<meta property=\"og:locale\" content=\"en_US\" \/>\n<meta property=\"og:type\" content=\"article\" \/>\n<meta property=\"og:title\" content=\"\u00cates-vous pro en grammaire ? Pour le savoir, faites ce quiz ! - La P&#039;tite Gazette\" \/>\n<meta property=\"og:description\" content=\"\u00a0 \u00a0 \u00a0 Comme tout le monde sait, l\u2019accord du participe pass\u00e9 en fran\u00e7ais est un casse-t\u00eate pour les \u00e9trangers comme pour les Fran\u00e7ais ! Il y a beaucoup de &hellip; Read More\" \/>\n<meta property=\"og:url\" content=\"https:\/\/sites.rutgers.edu\/french-magazine\/etes-vous-pro-en-grammaire-pour-le-savoir-faites-ce-quiz\/\" \/>\n<meta property=\"og:site_name\" content=\"La P&#039;tite Gazette\" \/>\n<meta property=\"article:published_time\" content=\"2022-05-08T15:51:16+00:00\" \/>\n<meta property=\"article:modified_time\" content=\"2022-05-09T19:26:33+00:00\" \/>\n<meta name=\"author\" content=\"Dana Payer\" \/>\n<meta name=\"twitter:card\" content=\"summary_large_image\" \/>\n<meta name=\"twitter:label1\" content=\"Written by\" \/>\n\t<meta name=\"twitter:data1\" content=\"Dana Payer\" \/>\n\t<meta name=\"twitter:label2\" content=\"Est. reading time\" \/>\n\t<meta name=\"twitter:data2\" content=\"5 minutes\" \/>\n<script type=\"application\/ld+json\" class=\"yoast-schema-graph\">{\"@context\":\"https:\/\/schema.org\",\"@graph\":[{\"@type\":\"WebPage\",\"@id\":\"https:\/\/sites.rutgers.edu\/french-magazine\/etes-vous-pro-en-grammaire-pour-le-savoir-faites-ce-quiz\/\",\"url\":\"https:\/\/sites.rutgers.edu\/french-magazine\/etes-vous-pro-en-grammaire-pour-le-savoir-faites-ce-quiz\/\",\"name\":\"\u00cates-vous pro en grammaire ? Pour le savoir, faites ce quiz ! - La P&#039;tite Gazette\",\"isPartOf\":{\"@id\":\"https:\/\/sites.rutgers.edu\/french-magazine\/#website\"},\"datePublished\":\"2022-05-08T15:51:16+00:00\",\"dateModified\":\"2022-05-09T19:26:33+00:00\",\"author\":{\"@id\":\"https:\/\/sites.rutgers.edu\/french-magazine\/#\/schema\/person\/c0b423acec91ce3c41f7ac668ec289c2\"},\"breadcrumb\":{\"@id\":\"https:\/\/sites.rutgers.edu\/french-magazine\/etes-vous-pro-en-grammaire-pour-le-savoir-faites-ce-quiz\/#breadcrumb\"},\"inLanguage\":\"en-US\",\"potentialAction\":[{\"@type\":\"ReadAction\",\"target\":[\"https:\/\/sites.rutgers.edu\/french-magazine\/etes-vous-pro-en-grammaire-pour-le-savoir-faites-ce-quiz\/\"]}]},{\"@type\":\"BreadcrumbList\",\"@id\":\"https:\/\/sites.rutgers.edu\/french-magazine\/etes-vous-pro-en-grammaire-pour-le-savoir-faites-ce-quiz\/#breadcrumb\",\"itemListElement\":[{\"@type\":\"ListItem\",\"position\":1,\"name\":\"Home\",\"item\":\"https:\/\/sites.rutgers.edu\/french-magazine\/\"},{\"@type\":\"ListItem\",\"position\":2,\"name\":\"\u00cates-vous pro en grammaire ? Pour le savoir, faites ce quiz !\"}]},{\"@type\":\"WebSite\",\"@id\":\"https:\/\/sites.rutgers.edu\/french-magazine\/#website\",\"url\":\"https:\/\/sites.rutgers.edu\/french-magazine\/\",\"name\":\"La P&#039;tite Gazette\",\"description\":\"\",\"potentialAction\":[{\"@type\":\"SearchAction\",\"target\":{\"@type\":\"EntryPoint\",\"urlTemplate\":\"https:\/\/sites.rutgers.edu\/french-magazine\/?s={search_term_string}\"},\"query-input\":{\"@type\":\"PropertyValueSpecification\",\"valueRequired\":true,\"valueName\":\"search_term_string\"}}],\"inLanguage\":\"en-US\"},{\"@type\":\"Person\",\"@id\":\"https:\/\/sites.rutgers.edu\/french-magazine\/#\/schema\/person\/c0b423acec91ce3c41f7ac668ec289c2\",\"name\":\"Dana Payer\",\"image\":{\"@type\":\"ImageObject\",\"inLanguage\":\"en-US\",\"@id\":\"https:\/\/sites.rutgers.edu\/french-magazine\/#\/schema\/person\/image\/\",\"url\":\"https:\/\/secure.gravatar.com\/avatar\/85da0b45aa48c38b47262a932666d7dd?s=96&d=mm&r=g\",\"contentUrl\":\"https:\/\/secure.gravatar.com\/avatar\/85da0b45aa48c38b47262a932666d7dd?s=96&d=mm&r=g\",\"caption\":\"Dana Payer\"},\"url\":\"https:\/\/sites.rutgers.edu\/french-magazine\/author\/dmp424\/\"}]}<\/script>\n<!-- \/ Yoast SEO plugin. -->","yoast_head_json":{"title":"\u00cates-vous pro en grammaire ? Pour le savoir, faites ce quiz ! - La P&#039;tite Gazette","robots":{"index":"index","follow":"follow","max-snippet":"max-snippet:-1","max-image-preview":"max-image-preview:large","max-video-preview":"max-video-preview:-1"},"canonical":"https:\/\/sites.rutgers.edu\/french-magazine\/etes-vous-pro-en-grammaire-pour-le-savoir-faites-ce-quiz\/","og_locale":"en_US","og_type":"article","og_title":"\u00cates-vous pro en grammaire ? Pour le savoir, faites ce quiz ! - La P&#039;tite Gazette","og_description":"\u00a0 \u00a0 \u00a0 Comme tout le monde sait, l\u2019accord du participe pass\u00e9 en fran\u00e7ais est un casse-t\u00eate pour les \u00e9trangers comme pour les Fran\u00e7ais ! Il y a beaucoup de &hellip; Read More","og_url":"https:\/\/sites.rutgers.edu\/french-magazine\/etes-vous-pro-en-grammaire-pour-le-savoir-faites-ce-quiz\/","og_site_name":"La P&#039;tite Gazette","article_published_time":"2022-05-08T15:51:16+00:00","article_modified_time":"2022-05-09T19:26:33+00:00","author":"Dana Payer","twitter_card":"summary_large_image","twitter_misc":{"Written by":"Dana Payer","Est. reading time":"5 minutes"},"schema":{"@context":"https:\/\/schema.org","@graph":[{"@type":"WebPage","@id":"https:\/\/sites.rutgers.edu\/french-magazine\/etes-vous-pro-en-grammaire-pour-le-savoir-faites-ce-quiz\/","url":"https:\/\/sites.rutgers.edu\/french-magazine\/etes-vous-pro-en-grammaire-pour-le-savoir-faites-ce-quiz\/","name":"\u00cates-vous pro en grammaire ? Pour le savoir, faites ce quiz ! - La P&#039;tite Gazette","isPartOf":{"@id":"https:\/\/sites.rutgers.edu\/french-magazine\/#website"},"datePublished":"2022-05-08T15:51:16+00:00","dateModified":"2022-05-09T19:26:33+00:00","author":{"@id":"https:\/\/sites.rutgers.edu\/french-magazine\/#\/schema\/person\/c0b423acec91ce3c41f7ac668ec289c2"},"breadcrumb":{"@id":"https:\/\/sites.rutgers.edu\/french-magazine\/etes-vous-pro-en-grammaire-pour-le-savoir-faites-ce-quiz\/#breadcrumb"},"inLanguage":"en-US","potentialAction":[{"@type":"ReadAction","target":["https:\/\/sites.rutgers.edu\/french-magazine\/etes-vous-pro-en-grammaire-pour-le-savoir-faites-ce-quiz\/"]}]},{"@type":"BreadcrumbList","@id":"https:\/\/sites.rutgers.edu\/french-magazine\/etes-vous-pro-en-grammaire-pour-le-savoir-faites-ce-quiz\/#breadcrumb","itemListElement":[{"@type":"ListItem","position":1,"name":"Home","item":"https:\/\/sites.rutgers.edu\/french-magazine\/"},{"@type":"ListItem","position":2,"name":"\u00cates-vous pro en grammaire ? Pour le savoir, faites ce quiz !"}]},{"@type":"WebSite","@id":"https:\/\/sites.rutgers.edu\/french-magazine\/#website","url":"https:\/\/sites.rutgers.edu\/french-magazine\/","name":"La P&#039;tite Gazette","description":"","potentialAction":[{"@type":"SearchAction","target":{"@type":"EntryPoint","urlTemplate":"https:\/\/sites.rutgers.edu\/french-magazine\/?s={search_term_string}"},"query-input":{"@type":"PropertyValueSpecification","valueRequired":true,"valueName":"search_term_string"}}],"inLanguage":"en-US"},{"@type":"Person","@id":"https:\/\/sites.rutgers.edu\/french-magazine\/#\/schema\/person\/c0b423acec91ce3c41f7ac668ec289c2","name":"Dana Payer","image":{"@type":"ImageObject","inLanguage":"en-US","@id":"https:\/\/sites.rutgers.edu\/french-magazine\/#\/schema\/person\/image\/","url":"https:\/\/secure.gravatar.com\/avatar\/85da0b45aa48c38b47262a932666d7dd?s=96&d=mm&r=g","contentUrl":"https:\/\/secure.gravatar.com\/avatar\/85da0b45aa48c38b47262a932666d7dd?s=96&d=mm&r=g","caption":"Dana Payer"},"url":"https:\/\/sites.rutgers.edu\/french-magazine\/author\/dmp424\/"}]}},"_links":{"self":[{"href":"https:\/\/sites.rutgers.edu\/french-magazine\/wp-json\/wp\/v2\/posts\/2482"}],"collection":[{"href":"https:\/\/sites.rutgers.edu\/french-magazine\/wp-json\/wp\/v2\/posts"}],"about":[{"href":"https:\/\/sites.rutgers.edu\/french-magazine\/wp-json\/wp\/v2\/types\/post"}],"author":[{"embeddable":true,"href":"https:\/\/sites.rutgers.edu\/french-magazine\/wp-json\/wp\/v2\/users\/2061"}],"replies":[{"embeddable":true,"href":"https:\/\/sites.rutgers.edu\/french-magazine\/wp-json\/wp\/v2\/comments?post=2482"}],"version-history":[{"count":49,"href":"https:\/\/sites.rutgers.edu\/french-magazine\/wp-json\/wp\/v2\/posts\/2482\/revisions"}],"predecessor-version":[{"id":2560,"href":"https:\/\/sites.rutgers.edu\/french-magazine\/wp-json\/wp\/v2\/posts\/2482\/revisions\/2560"}],"wp:attachment":[{"href":"https:\/\/sites.rutgers.edu\/french-magazine\/wp-json\/wp\/v2\/media?parent=2482"}],"wp:term":[{"taxonomy":"category","embeddable":true,"href":"https:\/\/sites.rutgers.edu\/french-magazine\/wp-json\/wp\/v2\/categories?post=2482"},{"taxonomy":"post_tag","embeddable":true,"href":"https:\/\/sites.rutgers.edu\/french-magazine\/wp-json\/wp\/v2\/tags?post=2482"}],"curies":[{"name":"wp","href":"https:\/\/api.w.org\/{rel}","templated":true}]}}