{"id":3390,"date":"2022-12-20T23:57:25","date_gmt":"2022-12-20T23:57:25","guid":{"rendered":"https:\/\/sites.rutgers.edu\/french-magazine\/?p=3390"},"modified":"2023-01-02T23:04:34","modified_gmt":"2023-01-02T23:04:34","slug":"les-vaccinations-divise-par-de-gauche-et-la-droite","status":"publish","type":"post","link":"https:\/\/sites.rutgers.edu\/french-magazine\/les-vaccinations-divise-par-de-gauche-et-la-droite\/","title":{"rendered":"Les vaccinations: divis\u00e9 par de gauche et la droite"},"content":{"rendered":"<p>Trois vaccins contre le COVID sortis neuf mois apr\u00e8s le d\u00e9but de la pand\u00e9mie, et ils sont venus renforcer les d\u00e9bats politiques qui ont commenc\u00e9 avec la prise en charge de cette pand\u00e9mie: comment g\u00e9rer cette crise sanitaire? La pand\u00e9mie renforce une situation d\u00e9j\u00e0 tr\u00e8s polaris\u00e9e aux US entre les d\u00e9mocrates et les r\u00e9publicains, un peu moins en France car il y a plusieurs partis. Par exemple: aux \u00c9tats-Unis le parti de droite, les r\u00e9publicains, n\u2019\u00e9tait pas d\u2019accord avec le vaccin. En France, au d\u00e9but, le scepticisme par rapport au vaccin ne d\u00e9pend pas forc\u00e9ment d\u2019une orientation politique. Par exemple, tr\u00e8s \u00e0 gauche, Jean-Luc M\u00e9lenchon, le chef de La France Insoumise, a d\u00e9nonc\u00e9 le passe sanitaire (un carnet de vaccination) comme un abus de pouvoir. \u00c0 l\u2019extr\u00eame droite, Marine Le Pen, la cheffe de Rassemblement National a dit que le passe sanitaire \u00e9tait un pas en arri\u00e8re pour les droits individuels. L&#8217;extr\u00eame gauche et l&#8217;extr\u00eame droite se sont &#8220;entendus&#8221; pour des raisons qui n&#8217;\u00e9taient pas exactement les m\u00eames!<\/p>\n<p>Aux \u00c9tats-Unis, les r\u00e9publicains pensaient que le vaccin avait \u00e9t\u00e9 exp\u00e9di\u00e9 (trop rapide), et qu\u2019il fallait plus d\u2019analyses. Ce scepticisme est encore tr\u00e8s courant aujourd\u2019hui, o\u00f9 des millions de personnes ne croient pas au vaccin du COVID-19 \u00e0 cause du manque de recherches et d&#8217;efficacit\u00e9.\u00a0 \u00c0 l&#8217;inverse, les d\u00e9mocrates ne sont pas d\u2019accord avec cette logique. Pour eux, le vaccin \u00e9tait une mani\u00e8re de retourner \u00e0 la vie normale. On peut sortir sans craindre d\u2019infecter les autres, ni d\u2019\u00eatre infect\u00e9! Il y a encore des risques, mais moindres. Beaucoup de gens ont des personnes \u00e2g\u00e9es ou des comorbidit\u00e9s dans leur familles et sortir pourrait \u00eatre risqu\u00e9 pour eux. Ces deux points de vue, entre les r\u00e9publicains et les d\u00e9mocrates, sont devenus un v\u00e9ritable d\u00e9bat.<\/p>\n<p>En France, au d\u00e9but de la pand\u00e9mie, la r\u00e9ponse de l&#8217;\u00c9tat pour prot\u00e9ger les citoyens \u00e9tait similaire \u00e0 celle des \u00c9tats-Unis. Le Pr\u00e9sident Macron a essay\u00e9 de minimiser l\u2019impact du virus. Mais comme le nombre de cas augmentaient, il a \u00e9t\u00e9 incit\u00e9 par les politiques \u00e0 agir. La France a impos\u00e9 une s\u00e9rie de confinements. Quand les vaccins sont sortis, Macron a institu\u00e9 le passe sanitaire contre les souhaits aussi bien de la gauche que de la droite. Il y a eu des protestations contre le nouveau passe sanitaire, et les manifestants ne portaient pas de masques. Mais il faut savoir qu\u2019avant m\u00eame le COVID, la France \u00e9tait un des pays les plus sceptiques envers les vaccins de toutes sortes. Actuellement, toutefois, gr\u00e2ce aux efforts du gouvernement, le nombre de vaccinations s&#8217;est \u00e9lev\u00e9.<\/p>\n<p>En France et aux \u00c9tats-Unis, les travailleurs de la sant\u00e9 ont \u00e9t\u00e9 forc\u00e9s de se faire vacciner contre le COVID, et ces lois restent en place encore aujourd&#8217;hui. Les travailleurs de la sant\u00e9 couraient m\u00eame le risque de perdre leur travail s&#8217;ils refusaient d\u2019\u00eatre vaccin\u00e9s. C\u2019est pourquoi les travailleurs de la sant\u00e9 des deux pays ont manifest\u00e9 contre le gouvernement car, pour eux, il s\u2019agissait de d\u00e9fendre leurs droits individuels.<\/p>\n<p>Ainsi, la pand\u00e9mie, puis le vaccin, ont renforc\u00e9 les positions des deux grandes visions politiques aussi bien en France qu\u2019aux Etats-Unis: \u00e0 droite, la lutte pour les droits individuels, \u00e0 gauche l\u2019effort en commun et le vivre-ensemble.<\/p>\n<p>&nbsp;<\/p>\n<p>Les sources<\/p>\n<p><a href=\"https:\/\/www.flgov.com\/wp-content\/uploads\/2021\/04\/EO-21-81.pdf\">https:\/\/www.flgov.com\/wp-content\/uploads\/2021\/04\/EO-21-81.pdf<\/a><\/p>\n<p><a href=\"https:\/\/www.mayoclinic.org\/coronavirus-covid-19\/history-disease-outbreaks-vaccine-timeline\/covid-19\">https:\/\/www.mayoclinic.org\/coronavirus-covid-19\/history-disease-outbreaks-vaccine-timeline\/covid-19<\/a><\/p>\n<p><a href=\"https:\/\/www.france24.com\/en\/france\/20210802-france-s-covid-19-health-pass-where-it-is-mandatory-and-what-will-change-on-august-9\">https:\/\/www.france24.com\/en\/france\/20210802-france-s-covid-19-health-pass-where-it-is-mandatory-and-what-will-change-on-august-9<\/a><\/p>\n<p><a href=\"https:\/\/epass.ny.gov\/home\">https:\/\/epass.ny.gov\/home<\/a><\/p>\n<p><a href=\"https:\/\/www.france24.com\/en\/live-news\/20220115-protesters-hit-french-streets-to-fight-new-vaccine-pass\">https:\/\/www.france24.com\/en\/live-news\/20220115-protesters-hit-french-streets-to-fight-new-vaccine-pass<\/a><\/p>\n<p><a href=\"https:\/\/www.npr.org\/2021\/12\/06\/1057344561\/anti-vaccine-activists-political-conference-trump-republicans\">https:\/\/www.npr.org\/2021\/12\/06\/1057344561\/anti-vaccine-activists-political-conference-trump-republicans<\/a><\/p>\n<p><a href=\"https:\/\/www.cms.gov\/newsroom\/press-releases\/biden-harris-administration-issues-emergency-regulation-requiring-covid-19-vaccination-health-care\">https:\/\/www.cms.gov\/newsroom\/press-releases\/biden-harris-administration-issues-emergency-regulation-requiring-covid-19-vaccination-health-care<\/a><\/p>\n<p><a href=\"https:\/\/apnews.com\/article\/europe-business-lifestyle-entertainment-health-1e4c476aea8f5e0148da8b84472c7b0c\">https:\/\/apnews.com\/article\/europe-business-lifestyle-entertainment-health-1e4c476aea8f5e0148da8b84472c7b0c<\/a><\/p>\n<p><a href=\"https:\/\/www.reuters.com\/world\/europe\/french-hospital-worker-im-hunger-strike-over-vaccine-mandate-2021-09-16\/\">https:\/\/www.reuters.com\/world\/europe\/french-hospital-worker-im-hunger-strike-over-vaccine-mandate-2021-09-16\/<\/a><\/p>\n<p><a href=\"https:\/\/www.wwnytv.com\/2021\/09\/08\/health-care-workers-protest-covid-vaccine-mandate\/\">https:\/\/www.wwnytv.com\/2021\/09\/08\/health-care-workers-protest-covid-vaccine-mandate\/<\/a><\/p>\n","protected":false},"excerpt":{"rendered":"<p>Trois vaccins contre le COVID sortis neuf mois apr\u00e8s le d\u00e9but de la pand\u00e9mie, et ils sont venus renforcer les d\u00e9bats politiques qui ont commenc\u00e9 avec la prise en charge &hellip; <a href=\"https:\/\/sites.rutgers.edu\/french-magazine\/les-vaccinations-divise-par-de-gauche-et-la-droite\/\" class=\"\">Read More<\/a><\/p>\n","protected":false},"author":2623,"featured_media":0,"comment_status":"closed","ping_status":"closed","sticky":false,"template":"","format":"standard","meta":{"_acf_changed":false,"footnotes":""},"categories":[182],"tags":[],"class_list":["post-3390","post","type-post","status-publish","format-standard","hentry","category-debats"],"acf":[],"yoast_head":"<!-- This site is optimized with the Yoast SEO plugin v23.5 - https:\/\/yoast.com\/wordpress\/plugins\/seo\/ -->\n<title>Les vaccinations: divis\u00e9 par de gauche et la droite - La P&#039;tite Gazette<\/title>\n<meta name=\"robots\" content=\"index, follow, max-snippet:-1, max-image-preview:large, max-video-preview:-1\" \/>\n<link rel=\"canonical\" href=\"https:\/\/sites.rutgers.edu\/french-magazine\/les-vaccinations-divise-par-de-gauche-et-la-droite\/\" \/>\n<meta property=\"og:locale\" content=\"en_US\" \/>\n<meta property=\"og:type\" content=\"article\" \/>\n<meta property=\"og:title\" content=\"Les vaccinations: divis\u00e9 par de gauche et la droite - La P&#039;tite Gazette\" \/>\n<meta property=\"og:description\" content=\"Trois vaccins contre le COVID sortis neuf mois apr\u00e8s le d\u00e9but de la pand\u00e9mie, et ils sont venus renforcer les d\u00e9bats politiques qui ont commenc\u00e9 avec la prise en charge &hellip; Read More\" \/>\n<meta property=\"og:url\" content=\"https:\/\/sites.rutgers.edu\/french-magazine\/les-vaccinations-divise-par-de-gauche-et-la-droite\/\" \/>\n<meta property=\"og:site_name\" content=\"La P&#039;tite Gazette\" \/>\n<meta property=\"article:published_time\" content=\"2022-12-20T23:57:25+00:00\" \/>\n<meta property=\"article:modified_time\" content=\"2023-01-02T23:04:34+00:00\" \/>\n<meta name=\"author\" content=\"Alex X. Ascencio\" \/>\n<meta name=\"twitter:card\" content=\"summary_large_image\" \/>\n<meta name=\"twitter:label1\" content=\"Written by\" \/>\n\t<meta name=\"twitter:data1\" content=\"Alex X. Ascencio\" \/>\n\t<meta name=\"twitter:label2\" content=\"Est. reading time\" \/>\n\t<meta name=\"twitter:data2\" content=\"3 minutes\" \/>\n<script type=\"application\/ld+json\" class=\"yoast-schema-graph\">{\"@context\":\"https:\/\/schema.org\",\"@graph\":[{\"@type\":\"WebPage\",\"@id\":\"https:\/\/sites.rutgers.edu\/french-magazine\/les-vaccinations-divise-par-de-gauche-et-la-droite\/\",\"url\":\"https:\/\/sites.rutgers.edu\/french-magazine\/les-vaccinations-divise-par-de-gauche-et-la-droite\/\",\"name\":\"Les vaccinations: divis\u00e9 par de gauche et la droite - La P&#039;tite Gazette\",\"isPartOf\":{\"@id\":\"https:\/\/sites.rutgers.edu\/french-magazine\/#website\"},\"datePublished\":\"2022-12-20T23:57:25+00:00\",\"dateModified\":\"2023-01-02T23:04:34+00:00\",\"author\":{\"@id\":\"https:\/\/sites.rutgers.edu\/french-magazine\/#\/schema\/person\/5d384a64a4890fe5a1678824eef0ae02\"},\"breadcrumb\":{\"@id\":\"https:\/\/sites.rutgers.edu\/french-magazine\/les-vaccinations-divise-par-de-gauche-et-la-droite\/#breadcrumb\"},\"inLanguage\":\"en-US\",\"potentialAction\":[{\"@type\":\"ReadAction\",\"target\":[\"https:\/\/sites.rutgers.edu\/french-magazine\/les-vaccinations-divise-par-de-gauche-et-la-droite\/\"]}]},{\"@type\":\"BreadcrumbList\",\"@id\":\"https:\/\/sites.rutgers.edu\/french-magazine\/les-vaccinations-divise-par-de-gauche-et-la-droite\/#breadcrumb\",\"itemListElement\":[{\"@type\":\"ListItem\",\"position\":1,\"name\":\"Home\",\"item\":\"https:\/\/sites.rutgers.edu\/french-magazine\/\"},{\"@type\":\"ListItem\",\"position\":2,\"name\":\"Les vaccinations: divis\u00e9 par de gauche et la droite\"}]},{\"@type\":\"WebSite\",\"@id\":\"https:\/\/sites.rutgers.edu\/french-magazine\/#website\",\"url\":\"https:\/\/sites.rutgers.edu\/french-magazine\/\",\"name\":\"La P&#039;tite Gazette\",\"description\":\"\",\"potentialAction\":[{\"@type\":\"SearchAction\",\"target\":{\"@type\":\"EntryPoint\",\"urlTemplate\":\"https:\/\/sites.rutgers.edu\/french-magazine\/?s={search_term_string}\"},\"query-input\":{\"@type\":\"PropertyValueSpecification\",\"valueRequired\":true,\"valueName\":\"search_term_string\"}}],\"inLanguage\":\"en-US\"},{\"@type\":\"Person\",\"@id\":\"https:\/\/sites.rutgers.edu\/french-magazine\/#\/schema\/person\/5d384a64a4890fe5a1678824eef0ae02\",\"name\":\"Alex X. Ascencio\",\"image\":{\"@type\":\"ImageObject\",\"inLanguage\":\"en-US\",\"@id\":\"https:\/\/sites.rutgers.edu\/french-magazine\/#\/schema\/person\/image\/\",\"url\":\"https:\/\/secure.gravatar.com\/avatar\/7367caed876a749275438b801e5e112a?s=96&d=mm&r=g\",\"contentUrl\":\"https:\/\/secure.gravatar.com\/avatar\/7367caed876a749275438b801e5e112a?s=96&d=mm&r=g\",\"caption\":\"Alex X. Ascencio\"},\"url\":\"https:\/\/sites.rutgers.edu\/french-magazine\/author\/axa2\/\"}]}<\/script>\n<!-- \/ Yoast SEO plugin. -->","yoast_head_json":{"title":"Les vaccinations: divis\u00e9 par de gauche et la droite - La P&#039;tite Gazette","robots":{"index":"index","follow":"follow","max-snippet":"max-snippet:-1","max-image-preview":"max-image-preview:large","max-video-preview":"max-video-preview:-1"},"canonical":"https:\/\/sites.rutgers.edu\/french-magazine\/les-vaccinations-divise-par-de-gauche-et-la-droite\/","og_locale":"en_US","og_type":"article","og_title":"Les vaccinations: divis\u00e9 par de gauche et la droite - La P&#039;tite Gazette","og_description":"Trois vaccins contre le COVID sortis neuf mois apr\u00e8s le d\u00e9but de la pand\u00e9mie, et ils sont venus renforcer les d\u00e9bats politiques qui ont commenc\u00e9 avec la prise en charge &hellip; Read More","og_url":"https:\/\/sites.rutgers.edu\/french-magazine\/les-vaccinations-divise-par-de-gauche-et-la-droite\/","og_site_name":"La P&#039;tite Gazette","article_published_time":"2022-12-20T23:57:25+00:00","article_modified_time":"2023-01-02T23:04:34+00:00","author":"Alex X. Ascencio","twitter_card":"summary_large_image","twitter_misc":{"Written by":"Alex X. Ascencio","Est. reading time":"3 minutes"},"schema":{"@context":"https:\/\/schema.org","@graph":[{"@type":"WebPage","@id":"https:\/\/sites.rutgers.edu\/french-magazine\/les-vaccinations-divise-par-de-gauche-et-la-droite\/","url":"https:\/\/sites.rutgers.edu\/french-magazine\/les-vaccinations-divise-par-de-gauche-et-la-droite\/","name":"Les vaccinations: divis\u00e9 par de gauche et la droite - La P&#039;tite Gazette","isPartOf":{"@id":"https:\/\/sites.rutgers.edu\/french-magazine\/#website"},"datePublished":"2022-12-20T23:57:25+00:00","dateModified":"2023-01-02T23:04:34+00:00","author":{"@id":"https:\/\/sites.rutgers.edu\/french-magazine\/#\/schema\/person\/5d384a64a4890fe5a1678824eef0ae02"},"breadcrumb":{"@id":"https:\/\/sites.rutgers.edu\/french-magazine\/les-vaccinations-divise-par-de-gauche-et-la-droite\/#breadcrumb"},"inLanguage":"en-US","potentialAction":[{"@type":"ReadAction","target":["https:\/\/sites.rutgers.edu\/french-magazine\/les-vaccinations-divise-par-de-gauche-et-la-droite\/"]}]},{"@type":"BreadcrumbList","@id":"https:\/\/sites.rutgers.edu\/french-magazine\/les-vaccinations-divise-par-de-gauche-et-la-droite\/#breadcrumb","itemListElement":[{"@type":"ListItem","position":1,"name":"Home","item":"https:\/\/sites.rutgers.edu\/french-magazine\/"},{"@type":"ListItem","position":2,"name":"Les vaccinations: divis\u00e9 par de gauche et la droite"}]},{"@type":"WebSite","@id":"https:\/\/sites.rutgers.edu\/french-magazine\/#website","url":"https:\/\/sites.rutgers.edu\/french-magazine\/","name":"La P&#039;tite Gazette","description":"","potentialAction":[{"@type":"SearchAction","target":{"@type":"EntryPoint","urlTemplate":"https:\/\/sites.rutgers.edu\/french-magazine\/?s={search_term_string}"},"query-input":{"@type":"PropertyValueSpecification","valueRequired":true,"valueName":"search_term_string"}}],"inLanguage":"en-US"},{"@type":"Person","@id":"https:\/\/sites.rutgers.edu\/french-magazine\/#\/schema\/person\/5d384a64a4890fe5a1678824eef0ae02","name":"Alex X. Ascencio","image":{"@type":"ImageObject","inLanguage":"en-US","@id":"https:\/\/sites.rutgers.edu\/french-magazine\/#\/schema\/person\/image\/","url":"https:\/\/secure.gravatar.com\/avatar\/7367caed876a749275438b801e5e112a?s=96&d=mm&r=g","contentUrl":"https:\/\/secure.gravatar.com\/avatar\/7367caed876a749275438b801e5e112a?s=96&d=mm&r=g","caption":"Alex X. Ascencio"},"url":"https:\/\/sites.rutgers.edu\/french-magazine\/author\/axa2\/"}]}},"_links":{"self":[{"href":"https:\/\/sites.rutgers.edu\/french-magazine\/wp-json\/wp\/v2\/posts\/3390"}],"collection":[{"href":"https:\/\/sites.rutgers.edu\/french-magazine\/wp-json\/wp\/v2\/posts"}],"about":[{"href":"https:\/\/sites.rutgers.edu\/french-magazine\/wp-json\/wp\/v2\/types\/post"}],"author":[{"embeddable":true,"href":"https:\/\/sites.rutgers.edu\/french-magazine\/wp-json\/wp\/v2\/users\/2623"}],"replies":[{"embeddable":true,"href":"https:\/\/sites.rutgers.edu\/french-magazine\/wp-json\/wp\/v2\/comments?post=3390"}],"version-history":[{"count":4,"href":"https:\/\/sites.rutgers.edu\/french-magazine\/wp-json\/wp\/v2\/posts\/3390\/revisions"}],"predecessor-version":[{"id":3458,"href":"https:\/\/sites.rutgers.edu\/french-magazine\/wp-json\/wp\/v2\/posts\/3390\/revisions\/3458"}],"wp:attachment":[{"href":"https:\/\/sites.rutgers.edu\/french-magazine\/wp-json\/wp\/v2\/media?parent=3390"}],"wp:term":[{"taxonomy":"category","embeddable":true,"href":"https:\/\/sites.rutgers.edu\/french-magazine\/wp-json\/wp\/v2\/categories?post=3390"},{"taxonomy":"post_tag","embeddable":true,"href":"https:\/\/sites.rutgers.edu\/french-magazine\/wp-json\/wp\/v2\/tags?post=3390"}],"curies":[{"name":"wp","href":"https:\/\/api.w.org\/{rel}","templated":true}]}}