{"id":3437,"date":"2022-12-25T00:35:54","date_gmt":"2022-12-25T00:35:54","guid":{"rendered":"https:\/\/sites.rutgers.edu\/french-magazine\/?p=3437"},"modified":"2025-03-12T16:23:07","modified_gmt":"2025-03-12T20:23:07","slug":"victor-daveyron-et-la-theorie-de-lacquisition-du-langage","status":"publish","type":"post","link":"https:\/\/sites.rutgers.edu\/french-magazine\/victor-daveyron-et-la-theorie-de-lacquisition-du-langage\/","title":{"rendered":"Victor de l&#8217;Aveyron face \u00e0 la th\u00e9orie de l&#8217;acquisition du langage"},"content":{"rendered":"<p><span style=\"font-weight: 400\">Dans les th\u00e9ories de l\u2019acquisition du langage, on a trouv\u00e9 que la <\/span><i><span style=\"font-weight: 400\">P\u00e9riode Critique<\/span><\/i><span style=\"font-weight: 400\">, la p\u00e9riode o\u00f9 un enfant peut acqu\u00e9rir le plus facilement une seconde langue, allait de la naissance \u00e0 la pubert\u00e9. Par ailleurs, la p\u00e9riode o\u00f9 un enfant peut apprendre sa langue maternelle est surtout pendant les premi\u00e8res quatre ann\u00e9es de sa vie. Mais, qu\u2019est-ce qui se passe lorsqu&#8217;un enfant n\u2019a pas \u00e9t\u00e9 expos\u00e9 au langage au cours de cette p\u00e9riode critique, c\u2019est-\u00e0-dire de sa naissance jusqu\u2019\u00e0 l\u2019\u00e2ge de 12-14 ans? L\u2019exemple d\u2019un cas est celui de Victor, un enfant abandonn\u00e9 par ses parents et trouv\u00e9 dans la for\u00eat de l\u2019Aveyron vers 1800. Il aurait pass\u00e9 les premi\u00e8res douze ann\u00e9es de sa vie seul. Il ne savait pas parler.\u00a0<\/span><\/p>\n<p><img loading=\"lazy\" decoding=\"async\" class=\"size-medium wp-image-3438 aligncenter\" style=\"font-size: 1rem\" src=\"http:\/\/sites.rutgers.edu\/french-magazine\/wp-content\/uploads\/sites\/592\/2022\/12\/victor-232x300.jpg\" alt=\"\" width=\"232\" height=\"300\" srcset=\"https:\/\/sites.rutgers.edu\/french-magazine\/wp-content\/uploads\/sites\/592\/2022\/12\/victor-232x300.jpg 232w, https:\/\/sites.rutgers.edu\/french-magazine\/wp-content\/uploads\/sites\/592\/2022\/12\/victor-792x1024.jpg 792w, https:\/\/sites.rutgers.edu\/french-magazine\/wp-content\/uploads\/sites\/592\/2022\/12\/victor-768x994.jpg 768w, https:\/\/sites.rutgers.edu\/french-magazine\/wp-content\/uploads\/sites\/592\/2022\/12\/victor-1187x1536.jpg 1187w, https:\/\/sites.rutgers.edu\/french-magazine\/wp-content\/uploads\/sites\/592\/2022\/12\/victor-1583x2048.jpg 1583w, https:\/\/sites.rutgers.edu\/french-magazine\/wp-content\/uploads\/sites\/592\/2022\/12\/victor.jpg 1696w\" sizes=\"(max-width: 232px) 100vw, 232px\" \/><\/p>\n<p><span style=\"font-weight: 400\">Pourquoi cette <\/span><i><span style=\"font-weight: 400\">P\u00e9riode Critique<\/span><\/i><span style=\"font-weight: 400\">? Pendant la <\/span><i><span style=\"font-weight: 400\">P\u00e9riode Critique<\/span><\/i><span style=\"font-weight: 400\">, le cerveau est plus mall\u00e9able et utilise plus d\u2019influx nerveux pour traiter l\u2019information sensorielle. De plus, le cerveau utilise les fonctions de plusieurs lieux pour apprendre le langage. Apr\u00e8s la <\/span><i><span style=\"font-weight: 400\">P\u00e9riode Critique<\/span><\/i><span style=\"font-weight: 400\">, par contre, il utilise principalement l&#8217;h\u00e9misph\u00e8re gauche du cerveau. Quand la <\/span><i><span style=\"font-weight: 400\">P\u00e9riode Critique<\/span><\/i><span style=\"font-weight: 400\"> se termine, le cerveau perd de sa plasticit\u00e9 et il est donc plus difficile d&#8217;acqu\u00e9rir une\u00a0 langue. Si l\u2019on n\u2019apprend pas sa langue maternelle durant la P\u00e9riode Critique, on ne comprendra pas comment fonctionne le langage et, selon les \u00e9tudes, en particulier la syntaxe. Ici encore, le cas de Victor est utile<\/span><\/p>\n<p><span style=\"font-weight: 400\">Parce que Victor a v\u00e9cu jusqu\u2019\u00e0 la pubert\u00e9 sans aucune relation sociale, il ne savait pas parler, et il n\u2019apprendra jamais vraiment \u00e0 parler. Avec l\u2019aide du Dr. Itard, Victor \u00e0 pu comprendre des centaines mots, mais il ne pouvait ni comprendre la syntaxe, ni cr\u00e9er des phrases. Parce que son cerveau n\u2019\u00e9tait plus mall\u00e9able, il ne pouvait plus acqu\u00e9rir de langue. Apr\u00e8s cinq ans d\u2019apprentissage avec le Dr. Itard, les r\u00e9sultats de Victor ont montr\u00e9 les difficult\u00e9s d&#8217;apprendre une langue apr\u00e8s la<\/span><i><span style=\"font-weight: 400\"> P\u00e9riode Critique,<\/span><\/i><span style=\"font-weight: 400\"> et ont ainsi annonc\u00e9 les th\u00e9ories plus modernes de l\u2019acquisition du langage.<\/span><\/p>\n<p>&nbsp;<\/p>\n<p>Les sources:<\/p>\n<p><a href=\"https:\/\/dictionary.apa.org\/wild-boy-of-aveyron\">https:\/\/dictionary.apa.org\/wild-boy-of-aveyron<\/a><\/p>\n<p><a href=\"https:\/\/mn.gov\/mnddc\/parallels\/three\/4.html\">https:\/\/mn.gov\/mnddc\/parallels\/three\/4.html<\/a><\/p>\n<p><a href=\"https:\/\/cbcd.bbk.ac.uk\/sites\/default\/files\/cbcd\/files\/interlearn\/FriedmannRusou_criticalPeriodLanguage_curOpNeurobi15.pdf\">https:\/\/cbcd.bbk.ac.uk\/sites\/default\/files\/cbcd\/files\/interlearn\/FriedmannRusou_criticalPeriodLanguage_curOpNeurobi15.pdf<\/a><\/p>\n<p><a href=\"https:\/\/news.mit.edu\/2018\/cognitive-scientists-define-critical-period-learning-language-0501\">https:\/\/news.mit.edu\/2018\/cognitive-scientists-define-critical-period-learning-language-0501<\/a><\/p>\n","protected":false},"excerpt":{"rendered":"<p>Dans les th\u00e9ories de l\u2019acquisition du langage, on a trouv\u00e9 que la P\u00e9riode Critique, la p\u00e9riode o\u00f9 un enfant peut acqu\u00e9rir le plus facilement une seconde langue, allait de la &hellip; <a href=\"https:\/\/sites.rutgers.edu\/french-magazine\/victor-daveyron-et-la-theorie-de-lacquisition-du-langage\/\" class=\"\">Read More<\/a><\/p>\n","protected":false},"author":2715,"featured_media":0,"comment_status":"closed","ping_status":"closed","sticky":false,"template":"","format":"standard","meta":{"_acf_changed":false,"footnotes":""},"categories":[184,452],"tags":[],"class_list":["post-3437","post","type-post","status-publish","format-standard","hentry","category-histoire","category-langue-francaise"],"acf":[],"yoast_head":"<!-- This site is optimized with the Yoast SEO plugin v23.5 - https:\/\/yoast.com\/wordpress\/plugins\/seo\/ -->\n<title>Victor de l&#039;Aveyron face \u00e0 la th\u00e9orie de l&#039;acquisition du langage - La P&#039;tite Gazette<\/title>\n<meta name=\"robots\" content=\"index, follow, max-snippet:-1, max-image-preview:large, max-video-preview:-1\" \/>\n<link rel=\"canonical\" href=\"https:\/\/sites.rutgers.edu\/french-magazine\/victor-daveyron-et-la-theorie-de-lacquisition-du-langage\/\" \/>\n<meta property=\"og:locale\" content=\"en_US\" \/>\n<meta property=\"og:type\" content=\"article\" \/>\n<meta property=\"og:title\" content=\"Victor de l&#039;Aveyron face \u00e0 la th\u00e9orie de l&#039;acquisition du langage - La P&#039;tite Gazette\" \/>\n<meta property=\"og:description\" content=\"Dans les th\u00e9ories de l\u2019acquisition du langage, on a trouv\u00e9 que la P\u00e9riode Critique, la p\u00e9riode o\u00f9 un enfant peut acqu\u00e9rir le plus facilement une seconde langue, allait de la &hellip; Read More\" \/>\n<meta property=\"og:url\" content=\"https:\/\/sites.rutgers.edu\/french-magazine\/victor-daveyron-et-la-theorie-de-lacquisition-du-langage\/\" \/>\n<meta property=\"og:site_name\" content=\"La P&#039;tite Gazette\" \/>\n<meta property=\"article:published_time\" content=\"2022-12-25T00:35:54+00:00\" \/>\n<meta property=\"article:modified_time\" content=\"2025-03-12T20:23:07+00:00\" \/>\n<meta property=\"og:image\" content=\"http:\/\/sites.rutgers.edu\/french-magazine\/wp-content\/uploads\/sites\/592\/2022\/12\/victor-232x300.jpg\" \/>\n<meta name=\"author\" content=\"Ary Saxena\" \/>\n<meta name=\"twitter:card\" content=\"summary_large_image\" \/>\n<meta name=\"twitter:label1\" content=\"Written by\" \/>\n\t<meta name=\"twitter:data1\" content=\"Ary Saxena\" \/>\n\t<meta name=\"twitter:label2\" content=\"Est. reading time\" \/>\n\t<meta name=\"twitter:data2\" content=\"2 minutes\" \/>\n<script type=\"application\/ld+json\" class=\"yoast-schema-graph\">{\"@context\":\"https:\/\/schema.org\",\"@graph\":[{\"@type\":\"WebPage\",\"@id\":\"https:\/\/sites.rutgers.edu\/french-magazine\/victor-daveyron-et-la-theorie-de-lacquisition-du-langage\/\",\"url\":\"https:\/\/sites.rutgers.edu\/french-magazine\/victor-daveyron-et-la-theorie-de-lacquisition-du-langage\/\",\"name\":\"Victor de l'Aveyron face \u00e0 la th\u00e9orie de l'acquisition du langage - La P&#039;tite Gazette\",\"isPartOf\":{\"@id\":\"https:\/\/sites.rutgers.edu\/french-magazine\/#website\"},\"primaryImageOfPage\":{\"@id\":\"https:\/\/sites.rutgers.edu\/french-magazine\/victor-daveyron-et-la-theorie-de-lacquisition-du-langage\/#primaryimage\"},\"image\":{\"@id\":\"https:\/\/sites.rutgers.edu\/french-magazine\/victor-daveyron-et-la-theorie-de-lacquisition-du-langage\/#primaryimage\"},\"thumbnailUrl\":\"http:\/\/sites.rutgers.edu\/french-magazine\/wp-content\/uploads\/sites\/592\/2022\/12\/victor-232x300.jpg\",\"datePublished\":\"2022-12-25T00:35:54+00:00\",\"dateModified\":\"2025-03-12T20:23:07+00:00\",\"author\":{\"@id\":\"https:\/\/sites.rutgers.edu\/french-magazine\/#\/schema\/person\/d0810a2bb91f4f104e8309b122704eb2\"},\"breadcrumb\":{\"@id\":\"https:\/\/sites.rutgers.edu\/french-magazine\/victor-daveyron-et-la-theorie-de-lacquisition-du-langage\/#breadcrumb\"},\"inLanguage\":\"en-US\",\"potentialAction\":[{\"@type\":\"ReadAction\",\"target\":[\"https:\/\/sites.rutgers.edu\/french-magazine\/victor-daveyron-et-la-theorie-de-lacquisition-du-langage\/\"]}]},{\"@type\":\"ImageObject\",\"inLanguage\":\"en-US\",\"@id\":\"https:\/\/sites.rutgers.edu\/french-magazine\/victor-daveyron-et-la-theorie-de-lacquisition-du-langage\/#primaryimage\",\"url\":\"https:\/\/sites.rutgers.edu\/french-magazine\/wp-content\/uploads\/sites\/592\/2022\/12\/victor.jpg\",\"contentUrl\":\"https:\/\/sites.rutgers.edu\/french-magazine\/wp-content\/uploads\/sites\/592\/2022\/12\/victor.jpg\",\"width\":1696,\"height\":2194},{\"@type\":\"BreadcrumbList\",\"@id\":\"https:\/\/sites.rutgers.edu\/french-magazine\/victor-daveyron-et-la-theorie-de-lacquisition-du-langage\/#breadcrumb\",\"itemListElement\":[{\"@type\":\"ListItem\",\"position\":1,\"name\":\"Home\",\"item\":\"https:\/\/sites.rutgers.edu\/french-magazine\/\"},{\"@type\":\"ListItem\",\"position\":2,\"name\":\"Victor de l&#8217;Aveyron face \u00e0 la th\u00e9orie de l&#8217;acquisition du langage\"}]},{\"@type\":\"WebSite\",\"@id\":\"https:\/\/sites.rutgers.edu\/french-magazine\/#website\",\"url\":\"https:\/\/sites.rutgers.edu\/french-magazine\/\",\"name\":\"La P&#039;tite Gazette\",\"description\":\"\",\"potentialAction\":[{\"@type\":\"SearchAction\",\"target\":{\"@type\":\"EntryPoint\",\"urlTemplate\":\"https:\/\/sites.rutgers.edu\/french-magazine\/?s={search_term_string}\"},\"query-input\":{\"@type\":\"PropertyValueSpecification\",\"valueRequired\":true,\"valueName\":\"search_term_string\"}}],\"inLanguage\":\"en-US\"},{\"@type\":\"Person\",\"@id\":\"https:\/\/sites.rutgers.edu\/french-magazine\/#\/schema\/person\/d0810a2bb91f4f104e8309b122704eb2\",\"name\":\"Ary Saxena\",\"image\":{\"@type\":\"ImageObject\",\"inLanguage\":\"en-US\",\"@id\":\"https:\/\/sites.rutgers.edu\/french-magazine\/#\/schema\/person\/image\/\",\"url\":\"https:\/\/secure.gravatar.com\/avatar\/831d13a0357e5819190218009ac4ada1?s=96&d=mm&r=g\",\"contentUrl\":\"https:\/\/secure.gravatar.com\/avatar\/831d13a0357e5819190218009ac4ada1?s=96&d=mm&r=g\",\"caption\":\"Ary Saxena\"},\"url\":\"https:\/\/sites.rutgers.edu\/french-magazine\/author\/as3914\/\"}]}<\/script>\n<!-- \/ Yoast SEO plugin. -->","yoast_head_json":{"title":"Victor de l'Aveyron face \u00e0 la th\u00e9orie de l'acquisition du langage - La P&#039;tite Gazette","robots":{"index":"index","follow":"follow","max-snippet":"max-snippet:-1","max-image-preview":"max-image-preview:large","max-video-preview":"max-video-preview:-1"},"canonical":"https:\/\/sites.rutgers.edu\/french-magazine\/victor-daveyron-et-la-theorie-de-lacquisition-du-langage\/","og_locale":"en_US","og_type":"article","og_title":"Victor de l'Aveyron face \u00e0 la th\u00e9orie de l'acquisition du langage - La P&#039;tite Gazette","og_description":"Dans les th\u00e9ories de l\u2019acquisition du langage, on a trouv\u00e9 que la P\u00e9riode Critique, la p\u00e9riode o\u00f9 un enfant peut acqu\u00e9rir le plus facilement une seconde langue, allait de la &hellip; Read More","og_url":"https:\/\/sites.rutgers.edu\/french-magazine\/victor-daveyron-et-la-theorie-de-lacquisition-du-langage\/","og_site_name":"La P&#039;tite Gazette","article_published_time":"2022-12-25T00:35:54+00:00","article_modified_time":"2025-03-12T20:23:07+00:00","og_image":[{"url":"http:\/\/sites.rutgers.edu\/french-magazine\/wp-content\/uploads\/sites\/592\/2022\/12\/victor-232x300.jpg"}],"author":"Ary Saxena","twitter_card":"summary_large_image","twitter_misc":{"Written by":"Ary Saxena","Est. reading time":"2 minutes"},"schema":{"@context":"https:\/\/schema.org","@graph":[{"@type":"WebPage","@id":"https:\/\/sites.rutgers.edu\/french-magazine\/victor-daveyron-et-la-theorie-de-lacquisition-du-langage\/","url":"https:\/\/sites.rutgers.edu\/french-magazine\/victor-daveyron-et-la-theorie-de-lacquisition-du-langage\/","name":"Victor de l'Aveyron face \u00e0 la th\u00e9orie de l'acquisition du langage - La P&#039;tite Gazette","isPartOf":{"@id":"https:\/\/sites.rutgers.edu\/french-magazine\/#website"},"primaryImageOfPage":{"@id":"https:\/\/sites.rutgers.edu\/french-magazine\/victor-daveyron-et-la-theorie-de-lacquisition-du-langage\/#primaryimage"},"image":{"@id":"https:\/\/sites.rutgers.edu\/french-magazine\/victor-daveyron-et-la-theorie-de-lacquisition-du-langage\/#primaryimage"},"thumbnailUrl":"http:\/\/sites.rutgers.edu\/french-magazine\/wp-content\/uploads\/sites\/592\/2022\/12\/victor-232x300.jpg","datePublished":"2022-12-25T00:35:54+00:00","dateModified":"2025-03-12T20:23:07+00:00","author":{"@id":"https:\/\/sites.rutgers.edu\/french-magazine\/#\/schema\/person\/d0810a2bb91f4f104e8309b122704eb2"},"breadcrumb":{"@id":"https:\/\/sites.rutgers.edu\/french-magazine\/victor-daveyron-et-la-theorie-de-lacquisition-du-langage\/#breadcrumb"},"inLanguage":"en-US","potentialAction":[{"@type":"ReadAction","target":["https:\/\/sites.rutgers.edu\/french-magazine\/victor-daveyron-et-la-theorie-de-lacquisition-du-langage\/"]}]},{"@type":"ImageObject","inLanguage":"en-US","@id":"https:\/\/sites.rutgers.edu\/french-magazine\/victor-daveyron-et-la-theorie-de-lacquisition-du-langage\/#primaryimage","url":"https:\/\/sites.rutgers.edu\/french-magazine\/wp-content\/uploads\/sites\/592\/2022\/12\/victor.jpg","contentUrl":"https:\/\/sites.rutgers.edu\/french-magazine\/wp-content\/uploads\/sites\/592\/2022\/12\/victor.jpg","width":1696,"height":2194},{"@type":"BreadcrumbList","@id":"https:\/\/sites.rutgers.edu\/french-magazine\/victor-daveyron-et-la-theorie-de-lacquisition-du-langage\/#breadcrumb","itemListElement":[{"@type":"ListItem","position":1,"name":"Home","item":"https:\/\/sites.rutgers.edu\/french-magazine\/"},{"@type":"ListItem","position":2,"name":"Victor de l&#8217;Aveyron face \u00e0 la th\u00e9orie de l&#8217;acquisition du langage"}]},{"@type":"WebSite","@id":"https:\/\/sites.rutgers.edu\/french-magazine\/#website","url":"https:\/\/sites.rutgers.edu\/french-magazine\/","name":"La P&#039;tite Gazette","description":"","potentialAction":[{"@type":"SearchAction","target":{"@type":"EntryPoint","urlTemplate":"https:\/\/sites.rutgers.edu\/french-magazine\/?s={search_term_string}"},"query-input":{"@type":"PropertyValueSpecification","valueRequired":true,"valueName":"search_term_string"}}],"inLanguage":"en-US"},{"@type":"Person","@id":"https:\/\/sites.rutgers.edu\/french-magazine\/#\/schema\/person\/d0810a2bb91f4f104e8309b122704eb2","name":"Ary Saxena","image":{"@type":"ImageObject","inLanguage":"en-US","@id":"https:\/\/sites.rutgers.edu\/french-magazine\/#\/schema\/person\/image\/","url":"https:\/\/secure.gravatar.com\/avatar\/831d13a0357e5819190218009ac4ada1?s=96&d=mm&r=g","contentUrl":"https:\/\/secure.gravatar.com\/avatar\/831d13a0357e5819190218009ac4ada1?s=96&d=mm&r=g","caption":"Ary Saxena"},"url":"https:\/\/sites.rutgers.edu\/french-magazine\/author\/as3914\/"}]}},"_links":{"self":[{"href":"https:\/\/sites.rutgers.edu\/french-magazine\/wp-json\/wp\/v2\/posts\/3437"}],"collection":[{"href":"https:\/\/sites.rutgers.edu\/french-magazine\/wp-json\/wp\/v2\/posts"}],"about":[{"href":"https:\/\/sites.rutgers.edu\/french-magazine\/wp-json\/wp\/v2\/types\/post"}],"author":[{"embeddable":true,"href":"https:\/\/sites.rutgers.edu\/french-magazine\/wp-json\/wp\/v2\/users\/2715"}],"replies":[{"embeddable":true,"href":"https:\/\/sites.rutgers.edu\/french-magazine\/wp-json\/wp\/v2\/comments?post=3437"}],"version-history":[{"count":7,"href":"https:\/\/sites.rutgers.edu\/french-magazine\/wp-json\/wp\/v2\/posts\/3437\/revisions"}],"predecessor-version":[{"id":3462,"href":"https:\/\/sites.rutgers.edu\/french-magazine\/wp-json\/wp\/v2\/posts\/3437\/revisions\/3462"}],"wp:attachment":[{"href":"https:\/\/sites.rutgers.edu\/french-magazine\/wp-json\/wp\/v2\/media?parent=3437"}],"wp:term":[{"taxonomy":"category","embeddable":true,"href":"https:\/\/sites.rutgers.edu\/french-magazine\/wp-json\/wp\/v2\/categories?post=3437"},{"taxonomy":"post_tag","embeddable":true,"href":"https:\/\/sites.rutgers.edu\/french-magazine\/wp-json\/wp\/v2\/tags?post=3437"}],"curies":[{"name":"wp","href":"https:\/\/api.w.org\/{rel}","templated":true}]}}