{"id":4413,"date":"2024-01-02T10:18:52","date_gmt":"2024-01-02T15:18:52","guid":{"rendered":"https:\/\/sites.rutgers.edu\/french-magazine\/?p=4413"},"modified":"2024-01-02T10:20:34","modified_gmt":"2024-01-02T15:20:34","slug":"le-meurtre-brutal-de-nahel-merzouk","status":"publish","type":"post","link":"https:\/\/sites.rutgers.edu\/french-magazine\/le-meurtre-brutal-de-nahel-merzouk\/","title":{"rendered":"Le Meurtre Brutal de Nahel Merzouk"},"content":{"rendered":"<figure id=\"attachment_4414\" aria-describedby=\"caption-attachment-4414\" style=\"width: 300px\" class=\"wp-caption aligncenter\"><a href=\"https:\/\/www.telegraph.co.uk\/world-news\/2023\/07\/04\/france-teen-nahel-merzouk-police-shooting-paris-riots\/\"><img loading=\"lazy\" decoding=\"async\" class=\"size-medium wp-image-4414\" src=\"http:\/\/sites.rutgers.edu\/french-magazine\/wp-content\/uploads\/sites\/592\/2024\/01\/TELEMMGLPICT000341015734_16884949003030_trans_NvBQzQNjv4Bqadu-bubCwwNTr_YiFtRU6_4Xpit_DMGvdp2n7FDd82k-300x188.jpg\" alt=\"\" width=\"300\" height=\"188\" srcset=\"https:\/\/sites.rutgers.edu\/french-magazine\/wp-content\/uploads\/sites\/592\/2024\/01\/TELEMMGLPICT000341015734_16884949003030_trans_NvBQzQNjv4Bqadu-bubCwwNTr_YiFtRU6_4Xpit_DMGvdp2n7FDd82k-300x188.jpg 300w, https:\/\/sites.rutgers.edu\/french-magazine\/wp-content\/uploads\/sites\/592\/2024\/01\/TELEMMGLPICT000341015734_16884949003030_trans_NvBQzQNjv4Bqadu-bubCwwNTr_YiFtRU6_4Xpit_DMGvdp2n7FDd82k.jpg 680w\" sizes=\"(max-width: 300px) 100vw, 300px\" \/><\/a><figcaption id=\"caption-attachment-4414\" class=\"wp-caption-text\">Photo: Bertrand Guay\/AFP\/Getty Images\u00a9<\/figcaption><\/figure>\n<p style=\"text-align: center\"><span style=\"font-weight: 400\">Les violences polici\u00e8res en France ont augment\u00e9 ces derni\u00e8res ann\u00e9es. Les victimes \u00e9taient souvent noires ou arabes. L&#8217;une de ces victimes \u00e9tait Nahel Merzouk, qui \u00e9tait alg\u00e9rien et musulman. La col\u00e8re derri\u00e8re la mort de Nahel a provoqu\u00e9 des \u00e9meutes dans toute la France.<\/span><\/p>\n<h2><strong>Confrontation Mortelle sur la Route<\/strong><\/h2>\n<figure id=\"attachment_4415\" aria-describedby=\"caption-attachment-4415\" style=\"width: 300px\" class=\"wp-caption alignleft\"><a href=\"https:\/\/www.aa.com.tr\/en\/europe\/teen-killed-by-police-in-france-40-years-of-injustice-anger\/2937022\"><img loading=\"lazy\" decoding=\"async\" class=\"wp-image-4415 size-medium\" src=\"http:\/\/sites.rutgers.edu\/french-magazine\/wp-content\/uploads\/sites\/592\/2024\/01\/thumbs_b_c_0684382cc2f06c5d880c74917c3875c9-300x169.jpg\" alt=\"\" width=\"300\" height=\"169\" srcset=\"https:\/\/sites.rutgers.edu\/french-magazine\/wp-content\/uploads\/sites\/592\/2024\/01\/thumbs_b_c_0684382cc2f06c5d880c74917c3875c9-300x169.jpg 300w, https:\/\/sites.rutgers.edu\/french-magazine\/wp-content\/uploads\/sites\/592\/2024\/01\/thumbs_b_c_0684382cc2f06c5d880c74917c3875c9-768x432.jpg 768w, https:\/\/sites.rutgers.edu\/french-magazine\/wp-content\/uploads\/sites\/592\/2024\/01\/thumbs_b_c_0684382cc2f06c5d880c74917c3875c9.jpg 864w\" sizes=\"(max-width: 300px) 100vw, 300px\" \/><\/a><figcaption id=\"caption-attachment-4415\" class=\"wp-caption-text\">Photo: Anadolu Agency\/Getty Images\u00a9<\/figcaption><\/figure>\n<p><span style=\"font-weight: 400\">Nahel avait 17 ans. Il conduisait une voiture avec deux passagers lorsqu&#8217;il a \u00e9t\u00e9 arr\u00eat\u00e9 par la police. Il est d\u00e9c\u00e9d\u00e9 le 27 juin 2023, lorsqu&#8217;un policier lui a tir\u00e9 dessus dans sa voiture. Il a \u00e9t\u00e9 tir\u00e9 \u00e0 bout portant. Apr\u00e8s qu\u2019une balle ait touch\u00e9 Nahel au c\u0153ur, il a perdu le contr\u00f4le de la voiture jusqu&#8217;\u00e0 ce qu&#8217;elle heurte un panneau de signalisation. Il a \u00e9t\u00e9 d\u00e9clar\u00e9 mort sur place.\u00a0<\/span><\/p>\n<h2><\/h2>\n<h2><\/h2>\n<h2 style=\"text-align: left\"><strong>R\u00e9ponse des Forces de l&#8217;Ordre Contre la V\u00e9rit\u00e9 Film\u00e9e<\/strong><\/h2>\n<p><span style=\"font-weight: 400\">Le policier a d\u00e9clar\u00e9 qu\u2019il a tir\u00e9 sur Nahel parce qu\u2019il \u00e9tait sur le point de l&#8217;\u00e9craser. La police a qualifi\u00e9 la fusillade de Nahel de \u00abl\u00e9gitime d\u00e9fense\u00bb. Cependant, une vid\u00e9o de l&#8217;incident montre la police devant la porte d&#8217;entr\u00e9e gauche. On peut voir le fonctionnaire braquer le conducteur avec son arme de service, avant de tirer \u00e0 bout portant. L&#8217;ami de Nahel, dont l\u2019identit\u00e9 est cach\u00e9e, qui \u00e9tait dans la voiture, a \u00e9galement racont\u00e9 ce qui s\u2019est r\u00e9ellement pass\u00e9 ce jour-l\u00e0. Il dit qu&#8217;ils \u00e9taient sobres lorsque la police les a arr\u00eat\u00e9s et a d\u00e9crit comment les policiers ont frapp\u00e9 Nahel \u00e0 tour de r\u00f4le. Il a \u00e9galement d\u00e9clar\u00e9 que l&#8217;un des policiers avait menac\u00e9 Nahel en lui disant : <\/span><a href=\"https:\/\/www.lemonde.fr\/societe\/article\/2023\/07\/04\/mort-de-nahel-m-les-deux-autres-passagers-donnent-leur-version-des-faits_6180466_3224.html\"><span style=\"font-weight: 400\">\u00ab bouge pas ou je te mets une balle dans la t\u00eate \u00bb<\/span><\/a><span style=\"font-weight: 400\">; ce qui peut \u00e9galement \u00eatre entendu dans la vid\u00e9o. Apr\u00e8s plusieurs coups, Nahel a rel\u00e2ch\u00e9 la p\u00e9dale de frein, provoquant le red\u00e9marrage de la Mercedes automatique et amenant le policier \u00e0 lui tirer une balle dans la poitrine \u00e0 bout portant.<\/span><\/p>\n<h2><strong>Les \u00c9meutes pour la Justice<\/strong><\/h2>\n<figure id=\"attachment_4416\" aria-describedby=\"caption-attachment-4416\" style=\"width: 300px\" class=\"wp-caption aligncenter\"><a href=\"https:\/\/thetab.com\/uk\/2023\/07\/03\/what-is-happening-in-france-riots-in-france-explained-315534\"><img loading=\"lazy\" decoding=\"async\" class=\"size-medium wp-image-4416\" src=\"http:\/\/sites.rutgers.edu\/french-magazine\/wp-content\/uploads\/sites\/592\/2024\/01\/untitled-design-2023-07-03t160123824-300x158.jpg\" alt=\"\" width=\"300\" height=\"158\" srcset=\"https:\/\/sites.rutgers.edu\/french-magazine\/wp-content\/uploads\/sites\/592\/2024\/01\/untitled-design-2023-07-03t160123824-300x158.jpg 300w, https:\/\/sites.rutgers.edu\/french-magazine\/wp-content\/uploads\/sites\/592\/2024\/01\/untitled-design-2023-07-03t160123824-1024x538.jpg 1024w, https:\/\/sites.rutgers.edu\/french-magazine\/wp-content\/uploads\/sites\/592\/2024\/01\/untitled-design-2023-07-03t160123824-768x403.jpg 768w, https:\/\/sites.rutgers.edu\/french-magazine\/wp-content\/uploads\/sites\/592\/2024\/01\/untitled-design-2023-07-03t160123824.jpg 1200w\" sizes=\"(max-width: 300px) 100vw, 300px\" \/><\/a><figcaption id=\"caption-attachment-4416\" class=\"wp-caption-text\">Photo: Karim Ait Adjedjou\/Alamy\u00a9<\/figcaption><\/figure>\n<p><span style=\"font-weight: 400\">L&#8217;assassinat de Nahel a d\u00e9clench\u00e9 des \u00e9meutes qui ont d\u00e9but\u00e9 le 27 juin 2023 et se sont achev\u00e9s le 15 juillet. Ces manifestations ont \u00e9t\u00e9 violentes et pleines de col\u00e8re suite \u00e0 la mort du jeune de 17 ans. Les manifestants ont incendi\u00e9 des voitures, vandalis\u00e9 des b\u00e2timents et tirer des feux d&#8217;artifice sur la police. Le but de ces \u00e9meutes \u00e9tait:<\/span><\/p>\n<ul>\n<li style=\"font-weight: 400\"><span style=\"font-weight: 400\">demander des r\u00e9formes transparentes et l\u2019arr\u00eat des violences polici\u00e8res<\/span><\/li>\n<li style=\"font-weight: 400\"><span style=\"font-weight: 400\">cr\u00e9er un organisme ind\u00e9pendant pour enqu\u00eater sur les plaintes contre la police<\/span><\/li>\n<li style=\"font-weight: 400\"><span style=\"font-weight: 400\">mettre fin aux contr\u00f4les d\u2019identit\u00e9 discriminatoires<\/span><\/li>\n<li style=\"font-weight: 400\"><span style=\"font-weight: 400\">arr\u00eater l\u2019utilisation disproportionn\u00e9 et ill\u00e9gal de la force\u00a0<\/span><\/li>\n<\/ul>\n<h2><strong>Appel au Changement<\/strong><\/h2>\n<p><span style=\"font-weight: 400\">La col\u00e8re derri\u00e8re ces \u00e9meutes, aliment\u00e9e par la mort de Nahel Merzouk, a \u00e9galement r\u00e9v\u00e9l\u00e9 des probl\u00e8mes de racisme et d\u2019injustice. Il y a eu beaucoup de d\u00e9sinformation et de fabrication impliqu\u00e9es dans cet \u00e9v\u00e9nement. La dissimulation de la v\u00e9rit\u00e9 et la diffusion de la vid\u00e9o alimentent le feu. La France ne peut plus ignorer son racisme alors que m\u00eame d\u2019autres pays ont appel\u00e9 la France \u00e0 s\u2019attaquer au probl\u00e8me actuel. S&#8217;il n&#8217;y a pas de changement dans le syst\u00e8me et que d&#8217;autres innocents, comme Nahel Merzouk, perdent la vie, l&#8217;agitation continuera en France.<\/span><\/p>\n<p>&nbsp;<\/p>\n<p><span style=\"font-weight: 400\">Sources:\u00a0<\/span><\/p>\n<ul>\n<li style=\"font-weight: 400\"><a href=\"https:\/\/www.lemonde.fr\/societe\/article\/2023\/07\/04\/mort-de-nahel-m-les-deux-autres-passagers-donnent-leur-version-des-faits_6180466_3224.html\"><span style=\"font-weight: 400\">https:\/\/www.lemonde.fr\/societe\/article\/2023\/07\/04\/mort-de-nahel-m-les-deux-autres-passagers-donnent-leur-version-des-faits_6180466_3224.html<\/span><\/a><span style=\"font-weight: 400\">\u00a0<\/span><\/li>\n<li style=\"font-weight: 400\"><a href=\"https:\/\/www.amnesty.fr\/dossiers\/dossier-violences-policieres-en-france\"><span style=\"font-weight: 400\">https:\/\/www.amnesty.fr\/dossiers\/dossier-violences-policieres-en-france<\/span><\/a><span style=\"font-weight: 400\">\u00a0<\/span><\/li>\n<\/ul>\n<ul>\n<li style=\"font-weight: 400\"><a href=\"https:\/\/www.lemonde.fr\/societe\/article\/2023\/09\/23\/manifestations-contre-les-violences-policieres-pres-de-30-000-personnes-attendues-en-france-des-incidents-en-tete-du-cortege-parisien_6190656_3225.html\"><span style=\"font-weight: 400\">https:\/\/www.lemonde.fr\/societe\/article\/2023\/09\/23\/manifestations-contre-les-violences-policieres-pres-de-30-000-personnes-attendues-en-france-des-incidents-en-tete-du-cortege-parisien_6190656_3225.html<\/span><\/a><span style=\"font-weight: 400\">\u00a0<\/span><\/li>\n<li style=\"font-weight: 400\"><a href=\"https:\/\/www.lemonde.fr\/societe\/article\/2023\/06\/28\/nanterre-un-policier-en-garde-a-vue-apres-la-mort-d-un-mineur-de-17-ans-incidents-entre-habitants-et-forces-de-l-ordre_6179501_3224.html\"><span style=\"font-weight: 400\">https:\/\/www.lemonde.fr\/societe\/article\/2023\/06\/28\/nanterre-un-policier-en-garde-a-vue-apres-la-mort-d-un-mineur-de-17-ans-incidents-entre-habitants-et-forces-de-l-ordre_6179501_3224.html<\/span><\/a><span style=\"font-weight: 400\">\u00a0<\/span><\/li>\n<li style=\"font-weight: 400\"><a href=\"https:\/\/www.leparisien.fr\/faits-divers\/nanterre-un-homme-tue-par-un-tir-de-la-police-apres-un-refus-dobtemperer-27-06-2023-NUHSC3W3X5GYDGWDXCA36APNUU.php\"><span style=\"font-weight: 400\">https:\/\/www.leparisien.fr\/faits-divers\/nanterre-un-homme-tue-par-un-tir-de-la-police-apres-un-refus-dobtemperer-27-06-2023-NUHSC3W3X5GYDGWDXCA36APNUU.php<\/span><\/a><span style=\"font-weight: 400\">\u00a0<\/span><\/li>\n<\/ul>\n<p>&nbsp;<\/p>\n<p><span style=\"font-weight: 400\">Sources pour les images:<\/span><\/p>\n<ul>\n<li style=\"font-weight: 400\"><a href=\"https:\/\/www.aa.com.tr\/en\/europe\/teen-killed-by-police-in-france-40-years-of-injustice-anger\/2937022\"><span style=\"font-weight: 400\">https:\/\/www.aa.com.tr\/en\/europe\/teen-killed-by-police-in-france-40-years-of-injustice-anger\/2937022<\/span><\/a><span style=\"font-weight: 400\">\u00a0<\/span><\/li>\n<li style=\"font-weight: 400\"><a href=\"https:\/\/www.telegraph.co.uk\/world-news\/2023\/07\/04\/france-teen-nahel-merzouk-police-shooting-paris-riots\/\"><span style=\"font-weight: 400\">https:\/\/www.telegraph.co.uk\/world-news\/2023\/07\/04\/france-teen-nahel-merzouk-police-shooting-paris-riots\/<\/span><\/a><span style=\"font-weight: 400\">\u00a0<\/span><\/li>\n<li style=\"font-weight: 400\"><a href=\"https:\/\/thetab.com\/uk\/2023\/07\/03\/what-is-happening-in-france-riots-in-france-explained-315534\"><span style=\"font-weight: 400\">https:\/\/thetab.com\/uk\/2023\/07\/03\/what-is-happening-in-france-riots-in-france-explained-315534<\/span><\/a><span style=\"font-weight: 400\">\u00a0<\/span><\/li>\n<\/ul>\n","protected":false},"excerpt":{"rendered":"<p>Les violences polici\u00e8res en France ont augment\u00e9 ces derni\u00e8res ann\u00e9es. Les victimes \u00e9taient souvent noires ou arabes. L&#8217;une de ces victimes \u00e9tait Nahel Merzouk, qui \u00e9tait alg\u00e9rien et musulman. La &hellip; <a href=\"https:\/\/sites.rutgers.edu\/french-magazine\/le-meurtre-brutal-de-nahel-merzouk\/\" class=\"\">Read More<\/a><\/p>\n","protected":false},"author":3178,"featured_media":0,"comment_status":"closed","ping_status":"closed","sticky":false,"template":"","format":"standard","meta":{"_acf_changed":false,"footnotes":""},"categories":[186,1],"tags":[],"class_list":["post-4413","post","type-post","status-publish","format-standard","hentry","category-au-lycee","category-default"],"acf":[],"yoast_head":"<!-- This site is optimized with the Yoast SEO plugin v23.5 - https:\/\/yoast.com\/wordpress\/plugins\/seo\/ -->\n<title>Le Meurtre Brutal de Nahel Merzouk - La P&#039;tite Gazette<\/title>\n<meta name=\"robots\" content=\"index, follow, max-snippet:-1, max-image-preview:large, max-video-preview:-1\" \/>\n<link rel=\"canonical\" href=\"https:\/\/sites.rutgers.edu\/french-magazine\/le-meurtre-brutal-de-nahel-merzouk\/\" \/>\n<meta property=\"og:locale\" content=\"en_US\" \/>\n<meta property=\"og:type\" content=\"article\" \/>\n<meta property=\"og:title\" content=\"Le Meurtre Brutal de Nahel Merzouk - La P&#039;tite Gazette\" \/>\n<meta property=\"og:description\" content=\"Les violences polici\u00e8res en France ont augment\u00e9 ces derni\u00e8res ann\u00e9es. Les victimes \u00e9taient souvent noires ou arabes. L&#8217;une de ces victimes \u00e9tait Nahel Merzouk, qui \u00e9tait alg\u00e9rien et musulman. La &hellip; Read More\" \/>\n<meta property=\"og:url\" content=\"https:\/\/sites.rutgers.edu\/french-magazine\/le-meurtre-brutal-de-nahel-merzouk\/\" \/>\n<meta property=\"og:site_name\" content=\"La P&#039;tite Gazette\" \/>\n<meta property=\"article:published_time\" content=\"2024-01-02T15:18:52+00:00\" \/>\n<meta property=\"article:modified_time\" content=\"2024-01-02T15:20:34+00:00\" \/>\n<meta property=\"og:image\" content=\"http:\/\/sites.rutgers.edu\/french-magazine\/wp-content\/uploads\/sites\/592\/2024\/01\/TELEMMGLPICT000341015734_16884949003030_trans_NvBQzQNjv4Bqadu-bubCwwNTr_YiFtRU6_4Xpit_DMGvdp2n7FDd82k-300x188.jpg\" \/>\n<meta name=\"author\" content=\"Isha N. Nayee\" \/>\n<meta name=\"twitter:card\" content=\"summary_large_image\" \/>\n<meta name=\"twitter:label1\" content=\"Written by\" \/>\n\t<meta name=\"twitter:data1\" content=\"Isha N. Nayee\" \/>\n\t<meta name=\"twitter:label2\" content=\"Est. reading time\" \/>\n\t<meta name=\"twitter:data2\" content=\"3 minutes\" \/>\n<script type=\"application\/ld+json\" class=\"yoast-schema-graph\">{\"@context\":\"https:\/\/schema.org\",\"@graph\":[{\"@type\":\"WebPage\",\"@id\":\"https:\/\/sites.rutgers.edu\/french-magazine\/le-meurtre-brutal-de-nahel-merzouk\/\",\"url\":\"https:\/\/sites.rutgers.edu\/french-magazine\/le-meurtre-brutal-de-nahel-merzouk\/\",\"name\":\"Le Meurtre Brutal de Nahel Merzouk - La P&#039;tite Gazette\",\"isPartOf\":{\"@id\":\"https:\/\/sites.rutgers.edu\/french-magazine\/#website\"},\"primaryImageOfPage\":{\"@id\":\"https:\/\/sites.rutgers.edu\/french-magazine\/le-meurtre-brutal-de-nahel-merzouk\/#primaryimage\"},\"image\":{\"@id\":\"https:\/\/sites.rutgers.edu\/french-magazine\/le-meurtre-brutal-de-nahel-merzouk\/#primaryimage\"},\"thumbnailUrl\":\"http:\/\/sites.rutgers.edu\/french-magazine\/wp-content\/uploads\/sites\/592\/2024\/01\/TELEMMGLPICT000341015734_16884949003030_trans_NvBQzQNjv4Bqadu-bubCwwNTr_YiFtRU6_4Xpit_DMGvdp2n7FDd82k-300x188.jpg\",\"datePublished\":\"2024-01-02T15:18:52+00:00\",\"dateModified\":\"2024-01-02T15:20:34+00:00\",\"author\":{\"@id\":\"https:\/\/sites.rutgers.edu\/french-magazine\/#\/schema\/person\/ab0937a2ec3d64a9cf469bba284b86e1\"},\"breadcrumb\":{\"@id\":\"https:\/\/sites.rutgers.edu\/french-magazine\/le-meurtre-brutal-de-nahel-merzouk\/#breadcrumb\"},\"inLanguage\":\"en-US\",\"potentialAction\":[{\"@type\":\"ReadAction\",\"target\":[\"https:\/\/sites.rutgers.edu\/french-magazine\/le-meurtre-brutal-de-nahel-merzouk\/\"]}]},{\"@type\":\"ImageObject\",\"inLanguage\":\"en-US\",\"@id\":\"https:\/\/sites.rutgers.edu\/french-magazine\/le-meurtre-brutal-de-nahel-merzouk\/#primaryimage\",\"url\":\"https:\/\/sites.rutgers.edu\/french-magazine\/wp-content\/uploads\/sites\/592\/2024\/01\/TELEMMGLPICT000341015734_16884949003030_trans_NvBQzQNjv4Bqadu-bubCwwNTr_YiFtRU6_4Xpit_DMGvdp2n7FDd82k.jpg\",\"contentUrl\":\"https:\/\/sites.rutgers.edu\/french-magazine\/wp-content\/uploads\/sites\/592\/2024\/01\/TELEMMGLPICT000341015734_16884949003030_trans_NvBQzQNjv4Bqadu-bubCwwNTr_YiFtRU6_4Xpit_DMGvdp2n7FDd82k.jpg\",\"width\":680,\"height\":426,\"caption\":\"Photo: Bertrand Guay\/AFP\/Getty Images\u00a9\"},{\"@type\":\"BreadcrumbList\",\"@id\":\"https:\/\/sites.rutgers.edu\/french-magazine\/le-meurtre-brutal-de-nahel-merzouk\/#breadcrumb\",\"itemListElement\":[{\"@type\":\"ListItem\",\"position\":1,\"name\":\"Home\",\"item\":\"https:\/\/sites.rutgers.edu\/french-magazine\/\"},{\"@type\":\"ListItem\",\"position\":2,\"name\":\"Le Meurtre Brutal de Nahel Merzouk\"}]},{\"@type\":\"WebSite\",\"@id\":\"https:\/\/sites.rutgers.edu\/french-magazine\/#website\",\"url\":\"https:\/\/sites.rutgers.edu\/french-magazine\/\",\"name\":\"La P&#039;tite Gazette\",\"description\":\"\",\"potentialAction\":[{\"@type\":\"SearchAction\",\"target\":{\"@type\":\"EntryPoint\",\"urlTemplate\":\"https:\/\/sites.rutgers.edu\/french-magazine\/?s={search_term_string}\"},\"query-input\":{\"@type\":\"PropertyValueSpecification\",\"valueRequired\":true,\"valueName\":\"search_term_string\"}}],\"inLanguage\":\"en-US\"},{\"@type\":\"Person\",\"@id\":\"https:\/\/sites.rutgers.edu\/french-magazine\/#\/schema\/person\/ab0937a2ec3d64a9cf469bba284b86e1\",\"name\":\"Isha N. Nayee\",\"image\":{\"@type\":\"ImageObject\",\"inLanguage\":\"en-US\",\"@id\":\"https:\/\/sites.rutgers.edu\/french-magazine\/#\/schema\/person\/image\/\",\"url\":\"https:\/\/secure.gravatar.com\/avatar\/4f56f03daf38a0420a6cf1c8e4f203af?s=96&d=mm&r=g\",\"contentUrl\":\"https:\/\/secure.gravatar.com\/avatar\/4f56f03daf38a0420a6cf1c8e4f203af?s=96&d=mm&r=g\",\"caption\":\"Isha N. Nayee\"},\"url\":\"https:\/\/sites.rutgers.edu\/french-magazine\/author\/inn6\/\"}]}<\/script>\n<!-- \/ Yoast SEO plugin. -->","yoast_head_json":{"title":"Le Meurtre Brutal de Nahel Merzouk - La P&#039;tite Gazette","robots":{"index":"index","follow":"follow","max-snippet":"max-snippet:-1","max-image-preview":"max-image-preview:large","max-video-preview":"max-video-preview:-1"},"canonical":"https:\/\/sites.rutgers.edu\/french-magazine\/le-meurtre-brutal-de-nahel-merzouk\/","og_locale":"en_US","og_type":"article","og_title":"Le Meurtre Brutal de Nahel Merzouk - La P&#039;tite Gazette","og_description":"Les violences polici\u00e8res en France ont augment\u00e9 ces derni\u00e8res ann\u00e9es. Les victimes \u00e9taient souvent noires ou arabes. L&#8217;une de ces victimes \u00e9tait Nahel Merzouk, qui \u00e9tait alg\u00e9rien et musulman. La &hellip; Read More","og_url":"https:\/\/sites.rutgers.edu\/french-magazine\/le-meurtre-brutal-de-nahel-merzouk\/","og_site_name":"La P&#039;tite Gazette","article_published_time":"2024-01-02T15:18:52+00:00","article_modified_time":"2024-01-02T15:20:34+00:00","og_image":[{"url":"http:\/\/sites.rutgers.edu\/french-magazine\/wp-content\/uploads\/sites\/592\/2024\/01\/TELEMMGLPICT000341015734_16884949003030_trans_NvBQzQNjv4Bqadu-bubCwwNTr_YiFtRU6_4Xpit_DMGvdp2n7FDd82k-300x188.jpg"}],"author":"Isha N. Nayee","twitter_card":"summary_large_image","twitter_misc":{"Written by":"Isha N. Nayee","Est. reading time":"3 minutes"},"schema":{"@context":"https:\/\/schema.org","@graph":[{"@type":"WebPage","@id":"https:\/\/sites.rutgers.edu\/french-magazine\/le-meurtre-brutal-de-nahel-merzouk\/","url":"https:\/\/sites.rutgers.edu\/french-magazine\/le-meurtre-brutal-de-nahel-merzouk\/","name":"Le Meurtre Brutal de Nahel Merzouk - La P&#039;tite Gazette","isPartOf":{"@id":"https:\/\/sites.rutgers.edu\/french-magazine\/#website"},"primaryImageOfPage":{"@id":"https:\/\/sites.rutgers.edu\/french-magazine\/le-meurtre-brutal-de-nahel-merzouk\/#primaryimage"},"image":{"@id":"https:\/\/sites.rutgers.edu\/french-magazine\/le-meurtre-brutal-de-nahel-merzouk\/#primaryimage"},"thumbnailUrl":"http:\/\/sites.rutgers.edu\/french-magazine\/wp-content\/uploads\/sites\/592\/2024\/01\/TELEMMGLPICT000341015734_16884949003030_trans_NvBQzQNjv4Bqadu-bubCwwNTr_YiFtRU6_4Xpit_DMGvdp2n7FDd82k-300x188.jpg","datePublished":"2024-01-02T15:18:52+00:00","dateModified":"2024-01-02T15:20:34+00:00","author":{"@id":"https:\/\/sites.rutgers.edu\/french-magazine\/#\/schema\/person\/ab0937a2ec3d64a9cf469bba284b86e1"},"breadcrumb":{"@id":"https:\/\/sites.rutgers.edu\/french-magazine\/le-meurtre-brutal-de-nahel-merzouk\/#breadcrumb"},"inLanguage":"en-US","potentialAction":[{"@type":"ReadAction","target":["https:\/\/sites.rutgers.edu\/french-magazine\/le-meurtre-brutal-de-nahel-merzouk\/"]}]},{"@type":"ImageObject","inLanguage":"en-US","@id":"https:\/\/sites.rutgers.edu\/french-magazine\/le-meurtre-brutal-de-nahel-merzouk\/#primaryimage","url":"https:\/\/sites.rutgers.edu\/french-magazine\/wp-content\/uploads\/sites\/592\/2024\/01\/TELEMMGLPICT000341015734_16884949003030_trans_NvBQzQNjv4Bqadu-bubCwwNTr_YiFtRU6_4Xpit_DMGvdp2n7FDd82k.jpg","contentUrl":"https:\/\/sites.rutgers.edu\/french-magazine\/wp-content\/uploads\/sites\/592\/2024\/01\/TELEMMGLPICT000341015734_16884949003030_trans_NvBQzQNjv4Bqadu-bubCwwNTr_YiFtRU6_4Xpit_DMGvdp2n7FDd82k.jpg","width":680,"height":426,"caption":"Photo: Bertrand Guay\/AFP\/Getty Images\u00a9"},{"@type":"BreadcrumbList","@id":"https:\/\/sites.rutgers.edu\/french-magazine\/le-meurtre-brutal-de-nahel-merzouk\/#breadcrumb","itemListElement":[{"@type":"ListItem","position":1,"name":"Home","item":"https:\/\/sites.rutgers.edu\/french-magazine\/"},{"@type":"ListItem","position":2,"name":"Le Meurtre Brutal de Nahel Merzouk"}]},{"@type":"WebSite","@id":"https:\/\/sites.rutgers.edu\/french-magazine\/#website","url":"https:\/\/sites.rutgers.edu\/french-magazine\/","name":"La P&#039;tite Gazette","description":"","potentialAction":[{"@type":"SearchAction","target":{"@type":"EntryPoint","urlTemplate":"https:\/\/sites.rutgers.edu\/french-magazine\/?s={search_term_string}"},"query-input":{"@type":"PropertyValueSpecification","valueRequired":true,"valueName":"search_term_string"}}],"inLanguage":"en-US"},{"@type":"Person","@id":"https:\/\/sites.rutgers.edu\/french-magazine\/#\/schema\/person\/ab0937a2ec3d64a9cf469bba284b86e1","name":"Isha N. Nayee","image":{"@type":"ImageObject","inLanguage":"en-US","@id":"https:\/\/sites.rutgers.edu\/french-magazine\/#\/schema\/person\/image\/","url":"https:\/\/secure.gravatar.com\/avatar\/4f56f03daf38a0420a6cf1c8e4f203af?s=96&d=mm&r=g","contentUrl":"https:\/\/secure.gravatar.com\/avatar\/4f56f03daf38a0420a6cf1c8e4f203af?s=96&d=mm&r=g","caption":"Isha N. Nayee"},"url":"https:\/\/sites.rutgers.edu\/french-magazine\/author\/inn6\/"}]}},"_links":{"self":[{"href":"https:\/\/sites.rutgers.edu\/french-magazine\/wp-json\/wp\/v2\/posts\/4413"}],"collection":[{"href":"https:\/\/sites.rutgers.edu\/french-magazine\/wp-json\/wp\/v2\/posts"}],"about":[{"href":"https:\/\/sites.rutgers.edu\/french-magazine\/wp-json\/wp\/v2\/types\/post"}],"author":[{"embeddable":true,"href":"https:\/\/sites.rutgers.edu\/french-magazine\/wp-json\/wp\/v2\/users\/3178"}],"replies":[{"embeddable":true,"href":"https:\/\/sites.rutgers.edu\/french-magazine\/wp-json\/wp\/v2\/comments?post=4413"}],"version-history":[{"count":8,"href":"https:\/\/sites.rutgers.edu\/french-magazine\/wp-json\/wp\/v2\/posts\/4413\/revisions"}],"predecessor-version":[{"id":4424,"href":"https:\/\/sites.rutgers.edu\/french-magazine\/wp-json\/wp\/v2\/posts\/4413\/revisions\/4424"}],"wp:attachment":[{"href":"https:\/\/sites.rutgers.edu\/french-magazine\/wp-json\/wp\/v2\/media?parent=4413"}],"wp:term":[{"taxonomy":"category","embeddable":true,"href":"https:\/\/sites.rutgers.edu\/french-magazine\/wp-json\/wp\/v2\/categories?post=4413"},{"taxonomy":"post_tag","embeddable":true,"href":"https:\/\/sites.rutgers.edu\/french-magazine\/wp-json\/wp\/v2\/tags?post=4413"}],"curies":[{"name":"wp","href":"https:\/\/api.w.org\/{rel}","templated":true}]}}